{"id":15142,"date":"2016-12-12T12:56:41","date_gmt":"2016-12-12T11:56:41","guid":{"rendered":"http:\/\/www.area-press.eu\/comunicatistampa\/?p=15142"},"modified":"2016-12-12T12:56:41","modified_gmt":"2016-12-12T11:56:41","slug":"wave-talk-la-voce-ai-giovani-talenti-del-territorio","status":"publish","type":"post","link":"https:\/\/www.area-press.eu\/comunicatistampa\/2016\/12\/12\/wave-talk-la-voce-ai-giovani-talenti-del-territorio\/","title":{"rendered":"Wave Talk: la voce ai giovani talenti del territorio"},"content":{"rendered":"<p>Il 16 Dicembre i ragazzi pi\u00f9 intraprendenti e creativi di Ostia e dintorni ci racconteranno come sono riusciti a realizzare i propri sogni  <\/p>\n<p>L\u2019evento si terr\u00e0 venerd\u00ec 16 Dicembre in concomitanza con la prossima edizione di Wave Market Fest e sar\u00e0 ospitato da Serra Madre, la nuova azienda agricola e centro eventi di Ostia Antica.<\/p>\n<p>Wave Talk \u00e8 un\u2019inedita serie di piccole conferenze in cui avremo la possibilit\u00e0 di ascoltare le storie di giovani artisti, creativi, imprenditori e professionisti che ci dimostreranno che vivere grazie alle proprie passioni non \u00e8 poi cos\u00ec utopico. <\/p>\n<p>Il filo rosso che attraversa l\u2019evento \u00e8 l\u2019idea che perseguire i propri sogni non \u00e8 mai semplice, specialmente quando siamo gli unici a credere che i nostri progetti valgano qualcosa. E cos\u00ec a volte la sicurezza &#8211; quella di un lavoro che permetta di pagare bollette e affitto senza preoccupazioni &#8211; prende il sopravvento e ci porta ad abbandonarli.<\/p>\n<p>\u00abI giovani della nostra generazione &#8211; ci spiega Alin, uno degli organizzatori &#8211; vivono un\u2019epoca di grande incertezza e quindi si pongono tutti le stesse domande: come facciamo a capire qual \u00e8 la scelta giusta? Come possiamo iniziare a creare valore partendo dai nostri progetti? Quali sono i rischi e gli ostacoli che ci aspettano?\u00bb.<\/p>\n<p>E conclude: \u00abWave Talk nasce per affrontare questi argomenti insieme\u00bb. Partendo dall\u2019esperienza di giovani che hanno costruito il loro piccolo business partendo da una propria idea, cercheremo di capire quali sono i diversi percorsi che un vero<br \/>\nimprenditore di se stesso pu\u00f2 trovarsi ad affrontare.<\/p>\n<p>Gli spettatori avranno il modo di conoscere questi ragazzi ed ascoltare le loro storie, chiedendogli come hanno iniziato, come sono riusciti a farsi strada o come hanno superato un momento difficile. <\/p>\n<p>Wave Talk si terr\u00e0 venerd\u00ec 16 Dicembre alle 17:30 presso Serra Madre, in Via di Macchia Palocco 320 (Ostia Antica). <\/p>\n<p>Roma, 19 Novembre 2016 &#8211; Emanuele Vacca<\/p>\n<p>http:\/\/www.wave-market.com\/talks\/<br \/>\ninfo@wave-market.com<br \/>\nEvento su Facebook: https:\/\/www.facebook.com\/events\/1242935422433448\/ <\/p>\n","protected":false},"excerpt":{"rendered":"<p>Il 16 Dicembre i ragazzi pi\u00f9 intraprendenti e creativi di Ostia e dintorni ci racconteranno come sono riusciti a realizzare i propri sogni L\u2019evento si terr\u00e0 venerd\u00ec 16 Dicembre in concomitanza con la prossima edizione di Wave Market Fest e sar\u00e0 ospitato da Serra Madre, la nuova azienda agricola e centro eventi di Ostia Antica. [&hellip;]<\/p>\n","protected":false},"author":3552,"featured_media":0,"comment_status":"open","ping_status":"open","sticky":false,"template":"","format":"standard","meta":{"footnotes":""},"categories":[29],"tags":[],"class_list":["post-15142","post","type-post","status-publish","format-standard","hentry","category-comunicati"],"_links":{"self":[{"href":"https:\/\/www.area-press.eu\/comunicatistampa\/wp-json\/wp\/v2\/posts\/15142","targetHints":{"allow":["GET"]}}],"collection":[{"href":"https:\/\/www.area-press.eu\/comunicatistampa\/wp-json\/wp\/v2\/posts"}],"about":[{"href":"https:\/\/www.area-press.eu\/comunicatistampa\/wp-json\/wp\/v2\/types\/post"}],"author":[{"embeddable":true,"href":"https:\/\/www.area-press.eu\/comunicatistampa\/wp-json\/wp\/v2\/users\/3552"}],"replies":[{"embeddable":true,"href":"https:\/\/www.area-press.eu\/comunicatistampa\/wp-json\/wp\/v2\/comments?post=15142"}],"version-history":[{"count":1,"href":"https:\/\/www.area-press.eu\/comunicatistampa\/wp-json\/wp\/v2\/posts\/15142\/revisions"}],"predecessor-version":[{"id":15151,"href":"https:\/\/www.area-press.eu\/comunicatistampa\/wp-json\/wp\/v2\/posts\/15142\/revisions\/15151"}],"wp:attachment":[{"href":"https:\/\/www.area-press.eu\/comunicatistampa\/wp-json\/wp\/v2\/media?parent=15142"}],"wp:term":[{"taxonomy":"category","embeddable":true,"href":"https:\/\/www.area-press.eu\/comunicatistampa\/wp-json\/wp\/v2\/categories?post=15142"},{"taxonomy":"post_tag","embeddable":true,"href":"https:\/\/www.area-press.eu\/comunicatistampa\/wp-json\/wp\/v2\/tags?post=15142"}],"curies":[{"name":"wp","href":"https:\/\/api.w.org\/{rel}","templated":true}]}}