{"id":15098,"date":"2016-12-11T01:00:44","date_gmt":"2016-12-11T00:00:44","guid":{"rendered":"http:\/\/www.area-press.eu\/comunicatistampa\/?p=15098"},"modified":"2016-12-11T01:00:44","modified_gmt":"2016-12-11T00:00:44","slug":"anziani-come-risorsa-il-bando-del-comune-di-cori-per-la-valorizzazione-della-cittadinanza-attiva-degli-anziani-autosufficienti","status":"publish","type":"post","link":"https:\/\/www.area-press.eu\/comunicatistampa\/2016\/12\/11\/anziani-come-risorsa-il-bando-del-comune-di-cori-per-la-valorizzazione-della-cittadinanza-attiva-degli-anziani-autosufficienti\/","title":{"rendered":"Anziani come risorsa. Il Bando del Comune di Cori per la valorizzazione della cittadinanza attiva degli anziani autosufficienti"},"content":{"rendered":"<p><strong>Le domande entro il 23 Dicembre. Possono partecipare gli anziani residenti sul territorio comunale che hanno compiuto 65 anni, inoccupati o pensionati, in buono stato di salute e gli anziani di 60 anni con una fragilit\u00e0 emotiva e di indigenza sociale.<\/strong><\/p>\n<p><strong>Il Comune di Cori \u2013 Assessorato alle Politiche Sociali \u2013 ha pubblicato un bando per la selezione di anziani autosufficienti da inserire in progetti di valorizzazione della cittadinanza attiva<\/strong>.<\/p>\n<p><strong>L\u2019avviso \u00e8 rivolto agli anziani residenti sul territorio comunale che hanno compiuto 65 anni, inoccupati o pensionati, in buono stato di salute certificato dal medico di famiglia; e agli anziani di 60 anni con una fragilit\u00e0 emotiva e di indigenza sociale. <\/strong><\/p>\n<p><strong>Gli interessati possono presentare domanda al Protocollo generale entro le ore 13:00 del 23 Dicembre 2016.<\/strong><strong>\u00a0<\/strong><strong>Il modulo per la partecipazione pu\u00f2 essere ritirato presso i Servizi Sociali del Comune di Cori e la Delegazione di Giulianello negli orari di ufficio. Dovr\u00e0 essere allegata la seguente documentazione: copia del documento di identit\u00e0 in corso di validit\u00e0, ISEE, certificato del medico di famiglia.<\/strong><\/p>\n<p><strong>In questo modo si vuole offrire agli anziani autosufficienti o con fragilit\u00e0 l\u2019opportunit\u00e0 di svolgere lavori socialmente utili<\/strong>, quali: <strong>funzioni di segreteria<\/strong> e supporto all\u2019attivit\u00e0 amministrativa nel settore dei Servizi Sociali e Culturali; <strong>piccoli servizi di pulizia<\/strong> presso il centro socio culturale \u2018Il Ponte\u2019 e la sala lettura \u2018Gianluca Canale\u2019 di Giulianello, presso il centro anziani \u2018Argento Vivo\u2019 e la mensa sociale di Cori; <strong>servizio di attraversamento pedonale scolastico<\/strong> presso le sedi degli istituti scolastici comunali dell\u2019I.C. \u2018Cesare Chiominto\u2019;\u00a0 servizio alla mensa sociale di Cori.<\/p>\n<p><strong>Per tutti l\u2019inserimento civico prevede un rimborso spese di 250,00 \u20ac mensili, per 3 ore di lavoro giornaliere, per 5 giorni a settimana e complessive 60 ore al mese.<\/strong> Dopo le iscrizioni verr\u00e0 stilata una graduatoria, con precedenza per i soggetti con minor reddito. In base alle richieste si potr\u00e0 prevedere una rotazione.<\/p>\n<p><a href=\"http:\/\/ufficiostampaolmr.wix.com\/marcocastaldi\">Marco Castaldi<\/a><\/p>\n<p><a href=\"http:\/\/ufficiostampaolmr.wix.com\/marcocastaldi\">Addetto Stampa &amp; OLMR<\/a><\/p>\n","protected":false},"excerpt":{"rendered":"<p>Le domande entro il 23 Dicembre. Possono partecipare gli anziani residenti sul territorio comunale che hanno compiuto 65 anni, inoccupati o pensionati, in buono stato di salute e gli anziani di 60 anni con una fragilit\u00e0 emotiva e di indigenza sociale. Il Comune di Cori \u2013 Assessorato alle Politiche Sociali \u2013 ha pubblicato un bando [&hellip;]<\/p>\n","protected":false},"author":659,"featured_media":0,"comment_status":"open","ping_status":"open","sticky":false,"template":"","format":"standard","meta":{"_acf_changed":false,"_monsterinsights_skip_tracking":false,"footnotes":""},"categories":[4],"tags":[],"class_list":["post-15098","post","type-post","status-publish","format-standard","hentry","category-attualita-e-societa"],"acf":[],"yoast_head":"<!-- This site is optimized with the Yoast SEO plugin v28.1 - https:\/\/yoast.com\/product\/yoast-seo-wordpress\/ -->\n<title>Anziani come risorsa. Il Bando del Comune di Cori per la valorizzazione della cittadinanza attiva degli anziani autosufficienti - area-press.eu<\/title>\n<meta name=\"robots\" content=\"noindex, follow\" \/>\n<meta property=\"og:locale\" content=\"it_IT\" \/>\n<meta property=\"og:type\" content=\"article\" \/>\n<meta property=\"og:title\" content=\"Anziani come risorsa. Il Bando del Comune di Cori per la valorizzazione della cittadinanza attiva degli anziani autosufficienti - area-press.eu\" \/>\n<meta property=\"og:description\" content=\"Le domande entro il 23 Dicembre. Possono partecipare gli anziani residenti sul territorio comunale che hanno compiuto 65 anni, inoccupati o pensionati, in buono stato di salute e gli anziani di 60 anni con una fragilit\u00e0 emotiva e di indigenza sociale. Il Comune di Cori \u2013 Assessorato alle Politiche Sociali \u2013 ha pubblicato un bando [&hellip;]\" \/>\n<meta property=\"og:url\" content=\"https:\/\/www.area-press.eu\/comunicatistampa\/2016\/12\/11\/anziani-come-risorsa-il-bando-del-comune-di-cori-per-la-valorizzazione-della-cittadinanza-attiva-degli-anziani-autosufficienti\/\" \/>\n<meta property=\"og:site_name\" content=\"area-press.eu\" \/>\n<meta property=\"article:published_time\" content=\"2016-12-11T00:00:44+00:00\" \/>\n<meta name=\"author\" content=\"MarcoCastaldi\" \/>\n<meta name=\"twitter:card\" content=\"summary_large_image\" \/>\n<meta name=\"twitter:label1\" content=\"Scritto da\" \/>\n\t<meta name=\"twitter:data1\" content=\"MarcoCastaldi\" \/>\n\t<meta name=\"twitter:label2\" content=\"Tempo di lettura stimato\" \/>\n\t<meta name=\"twitter:data2\" content=\"2 minuti\" \/>\n<script type=\"application\/ld+json\" class=\"yoast-schema-graph\">{\"@context\":\"https:\\\/\\\/schema.org\",\"@graph\":[{\"@type\":\"Article\",\"@id\":\"https:\\\/\\\/www.area-press.eu\\\/comunicatistampa\\\/2016\\\/12\\\/11\\\/anziani-come-risorsa-il-bando-del-comune-di-cori-per-la-valorizzazione-della-cittadinanza-attiva-degli-anziani-autosufficienti\\\/#article\",\"isPartOf\":{\"@id\":\"https:\\\/\\\/www.area-press.eu\\\/comunicatistampa\\\/2016\\\/12\\\/11\\\/anziani-come-risorsa-il-bando-del-comune-di-cori-per-la-valorizzazione-della-cittadinanza-attiva-degli-anziani-autosufficienti\\\/\"},\"author\":{\"name\":\"MarcoCastaldi\",\"@id\":\"https:\\\/\\\/www.area-press.eu\\\/comunicatistampa\\\/#\\\/schema\\\/person\\\/1498a199e083856d2143af73c8c83e3d\"},\"headline\":\"Anziani come risorsa. Il Bando del Comune di Cori per la valorizzazione della cittadinanza attiva degli anziani autosufficienti\",\"datePublished\":\"2016-12-11T00:00:44+00:00\",\"mainEntityOfPage\":{\"@id\":\"https:\\\/\\\/www.area-press.eu\\\/comunicatistampa\\\/2016\\\/12\\\/11\\\/anziani-come-risorsa-il-bando-del-comune-di-cori-per-la-valorizzazione-della-cittadinanza-attiva-degli-anziani-autosufficienti\\\/\"},\"wordCount\":325,\"commentCount\":0,\"articleSection\":[\"Attualit\u00e0 e Societ\u00e0\"],\"inLanguage\":\"it-IT\",\"potentialAction\":[{\"@type\":\"CommentAction\",\"name\":\"Comment\",\"target\":[\"https:\\\/\\\/www.area-press.eu\\\/comunicatistampa\\\/2016\\\/12\\\/11\\\/anziani-come-risorsa-il-bando-del-comune-di-cori-per-la-valorizzazione-della-cittadinanza-attiva-degli-anziani-autosufficienti\\\/#respond\"]}]},{\"@type\":\"WebPage\",\"@id\":\"https:\\\/\\\/www.area-press.eu\\\/comunicatistampa\\\/2016\\\/12\\\/11\\\/anziani-come-risorsa-il-bando-del-comune-di-cori-per-la-valorizzazione-della-cittadinanza-attiva-degli-anziani-autosufficienti\\\/\",\"url\":\"https:\\\/\\\/www.area-press.eu\\\/comunicatistampa\\\/2016\\\/12\\\/11\\\/anziani-come-risorsa-il-bando-del-comune-di-cori-per-la-valorizzazione-della-cittadinanza-attiva-degli-anziani-autosufficienti\\\/\",\"name\":\"Anziani come risorsa. Il Bando del Comune di Cori per la valorizzazione della cittadinanza attiva degli anziani autosufficienti - area-press.eu\",\"isPartOf\":{\"@id\":\"https:\\\/\\\/www.area-press.eu\\\/comunicatistampa\\\/#website\"},\"datePublished\":\"2016-12-11T00:00:44+00:00\",\"author\":{\"@id\":\"https:\\\/\\\/www.area-press.eu\\\/comunicatistampa\\\/#\\\/schema\\\/person\\\/1498a199e083856d2143af73c8c83e3d\"},\"breadcrumb\":{\"@id\":\"https:\\\/\\\/www.area-press.eu\\\/comunicatistampa\\\/2016\\\/12\\\/11\\\/anziani-come-risorsa-il-bando-del-comune-di-cori-per-la-valorizzazione-della-cittadinanza-attiva-degli-anziani-autosufficienti\\\/#breadcrumb\"},\"inLanguage\":\"it-IT\",\"potentialAction\":[{\"@type\":\"ReadAction\",\"target\":[\"https:\\\/\\\/www.area-press.eu\\\/comunicatistampa\\\/2016\\\/12\\\/11\\\/anziani-come-risorsa-il-bando-del-comune-di-cori-per-la-valorizzazione-della-cittadinanza-attiva-degli-anziani-autosufficienti\\\/\"]}]},{\"@type\":\"BreadcrumbList\",\"@id\":\"https:\\\/\\\/www.area-press.eu\\\/comunicatistampa\\\/2016\\\/12\\\/11\\\/anziani-come-risorsa-il-bando-del-comune-di-cori-per-la-valorizzazione-della-cittadinanza-attiva-degli-anziani-autosufficienti\\\/#breadcrumb\",\"itemListElement\":[{\"@type\":\"ListItem\",\"position\":1,\"name\":\"Home\",\"item\":\"https:\\\/\\\/www.area-press.eu\\\/comunicatistampa\\\/\"},{\"@type\":\"ListItem\",\"position\":2,\"name\":\"Anziani come risorsa. Il Bando del Comune di Cori per la valorizzazione della cittadinanza attiva degli anziani autosufficienti\"}]},{\"@type\":\"WebSite\",\"@id\":\"https:\\\/\\\/www.area-press.eu\\\/comunicatistampa\\\/#website\",\"url\":\"https:\\\/\\\/www.area-press.eu\\\/comunicatistampa\\\/\",\"name\":\"area-press.eu\",\"description\":\"comunicati stampa &amp; press release\",\"potentialAction\":[{\"@type\":\"SearchAction\",\"target\":{\"@type\":\"EntryPoint\",\"urlTemplate\":\"https:\\\/\\\/www.area-press.eu\\\/comunicatistampa\\\/?s={search_term_string}\"},\"query-input\":{\"@type\":\"PropertyValueSpecification\",\"valueRequired\":true,\"valueName\":\"search_term_string\"}}],\"inLanguage\":\"it-IT\"},{\"@type\":\"Person\",\"@id\":\"https:\\\/\\\/www.area-press.eu\\\/comunicatistampa\\\/#\\\/schema\\\/person\\\/1498a199e083856d2143af73c8c83e3d\",\"name\":\"MarcoCastaldi\",\"image\":{\"@type\":\"ImageObject\",\"inLanguage\":\"it-IT\",\"@id\":\"https:\\\/\\\/secure.gravatar.com\\\/avatar\\\/a5a0d370d2ed97c587ca06b2b1651cad1bdeec1c292dc18492ccf71dfc4171a3?s=96&d=mm&r=g\",\"url\":\"https:\\\/\\\/secure.gravatar.com\\\/avatar\\\/a5a0d370d2ed97c587ca06b2b1651cad1bdeec1c292dc18492ccf71dfc4171a3?s=96&d=mm&r=g\",\"contentUrl\":\"https:\\\/\\\/secure.gravatar.com\\\/avatar\\\/a5a0d370d2ed97c587ca06b2b1651cad1bdeec1c292dc18492ccf71dfc4171a3?s=96&d=mm&r=g\",\"caption\":\"MarcoCastaldi\"},\"url\":\"https:\\\/\\\/www.area-press.eu\\\/comunicatistampa\\\/author\\\/marcocastaldi\\\/\"}]}<\/script>\n<!-- \/ Yoast SEO plugin. -->","yoast_head_json":{"title":"Anziani come risorsa. Il Bando del Comune di Cori per la valorizzazione della cittadinanza attiva degli anziani autosufficienti - area-press.eu","robots":{"index":"noindex","follow":"follow"},"og_locale":"it_IT","og_type":"article","og_title":"Anziani come risorsa. Il Bando del Comune di Cori per la valorizzazione della cittadinanza attiva degli anziani autosufficienti - area-press.eu","og_description":"Le domande entro il 23 Dicembre. Possono partecipare gli anziani residenti sul territorio comunale che hanno compiuto 65 anni, inoccupati o pensionati, in buono stato di salute e gli anziani di 60 anni con una fragilit\u00e0 emotiva e di indigenza sociale. Il Comune di Cori \u2013 Assessorato alle Politiche Sociali \u2013 ha pubblicato un bando [&hellip;]","og_url":"https:\/\/www.area-press.eu\/comunicatistampa\/2016\/12\/11\/anziani-come-risorsa-il-bando-del-comune-di-cori-per-la-valorizzazione-della-cittadinanza-attiva-degli-anziani-autosufficienti\/","og_site_name":"area-press.eu","article_published_time":"2016-12-11T00:00:44+00:00","author":"MarcoCastaldi","twitter_card":"summary_large_image","twitter_misc":{"Scritto da":"MarcoCastaldi","Tempo di lettura stimato":"2 minuti"},"schema":{"@context":"https:\/\/schema.org","@graph":[{"@type":"Article","@id":"https:\/\/www.area-press.eu\/comunicatistampa\/2016\/12\/11\/anziani-come-risorsa-il-bando-del-comune-di-cori-per-la-valorizzazione-della-cittadinanza-attiva-degli-anziani-autosufficienti\/#article","isPartOf":{"@id":"https:\/\/www.area-press.eu\/comunicatistampa\/2016\/12\/11\/anziani-come-risorsa-il-bando-del-comune-di-cori-per-la-valorizzazione-della-cittadinanza-attiva-degli-anziani-autosufficienti\/"},"author":{"name":"MarcoCastaldi","@id":"https:\/\/www.area-press.eu\/comunicatistampa\/#\/schema\/person\/1498a199e083856d2143af73c8c83e3d"},"headline":"Anziani come risorsa. Il Bando del Comune di Cori per la valorizzazione della cittadinanza attiva degli anziani autosufficienti","datePublished":"2016-12-11T00:00:44+00:00","mainEntityOfPage":{"@id":"https:\/\/www.area-press.eu\/comunicatistampa\/2016\/12\/11\/anziani-come-risorsa-il-bando-del-comune-di-cori-per-la-valorizzazione-della-cittadinanza-attiva-degli-anziani-autosufficienti\/"},"wordCount":325,"commentCount":0,"articleSection":["Attualit\u00e0 e Societ\u00e0"],"inLanguage":"it-IT","potentialAction":[{"@type":"CommentAction","name":"Comment","target":["https:\/\/www.area-press.eu\/comunicatistampa\/2016\/12\/11\/anziani-come-risorsa-il-bando-del-comune-di-cori-per-la-valorizzazione-della-cittadinanza-attiva-degli-anziani-autosufficienti\/#respond"]}]},{"@type":"WebPage","@id":"https:\/\/www.area-press.eu\/comunicatistampa\/2016\/12\/11\/anziani-come-risorsa-il-bando-del-comune-di-cori-per-la-valorizzazione-della-cittadinanza-attiva-degli-anziani-autosufficienti\/","url":"https:\/\/www.area-press.eu\/comunicatistampa\/2016\/12\/11\/anziani-come-risorsa-il-bando-del-comune-di-cori-per-la-valorizzazione-della-cittadinanza-attiva-degli-anziani-autosufficienti\/","name":"Anziani come risorsa. Il Bando del Comune di Cori per la valorizzazione della cittadinanza attiva degli anziani autosufficienti - area-press.eu","isPartOf":{"@id":"https:\/\/www.area-press.eu\/comunicatistampa\/#website"},"datePublished":"2016-12-11T00:00:44+00:00","author":{"@id":"https:\/\/www.area-press.eu\/comunicatistampa\/#\/schema\/person\/1498a199e083856d2143af73c8c83e3d"},"breadcrumb":{"@id":"https:\/\/www.area-press.eu\/comunicatistampa\/2016\/12\/11\/anziani-come-risorsa-il-bando-del-comune-di-cori-per-la-valorizzazione-della-cittadinanza-attiva-degli-anziani-autosufficienti\/#breadcrumb"},"inLanguage":"it-IT","potentialAction":[{"@type":"ReadAction","target":["https:\/\/www.area-press.eu\/comunicatistampa\/2016\/12\/11\/anziani-come-risorsa-il-bando-del-comune-di-cori-per-la-valorizzazione-della-cittadinanza-attiva-degli-anziani-autosufficienti\/"]}]},{"@type":"BreadcrumbList","@id":"https:\/\/www.area-press.eu\/comunicatistampa\/2016\/12\/11\/anziani-come-risorsa-il-bando-del-comune-di-cori-per-la-valorizzazione-della-cittadinanza-attiva-degli-anziani-autosufficienti\/#breadcrumb","itemListElement":[{"@type":"ListItem","position":1,"name":"Home","item":"https:\/\/www.area-press.eu\/comunicatistampa\/"},{"@type":"ListItem","position":2,"name":"Anziani come risorsa. Il Bando del Comune di Cori per la valorizzazione della cittadinanza attiva degli anziani autosufficienti"}]},{"@type":"WebSite","@id":"https:\/\/www.area-press.eu\/comunicatistampa\/#website","url":"https:\/\/www.area-press.eu\/comunicatistampa\/","name":"area-press.eu","description":"comunicati stampa &amp; press release","potentialAction":[{"@type":"SearchAction","target":{"@type":"EntryPoint","urlTemplate":"https:\/\/www.area-press.eu\/comunicatistampa\/?s={search_term_string}"},"query-input":{"@type":"PropertyValueSpecification","valueRequired":true,"valueName":"search_term_string"}}],"inLanguage":"it-IT"},{"@type":"Person","@id":"https:\/\/www.area-press.eu\/comunicatistampa\/#\/schema\/person\/1498a199e083856d2143af73c8c83e3d","name":"MarcoCastaldi","image":{"@type":"ImageObject","inLanguage":"it-IT","@id":"https:\/\/secure.gravatar.com\/avatar\/a5a0d370d2ed97c587ca06b2b1651cad1bdeec1c292dc18492ccf71dfc4171a3?s=96&d=mm&r=g","url":"https:\/\/secure.gravatar.com\/avatar\/a5a0d370d2ed97c587ca06b2b1651cad1bdeec1c292dc18492ccf71dfc4171a3?s=96&d=mm&r=g","contentUrl":"https:\/\/secure.gravatar.com\/avatar\/a5a0d370d2ed97c587ca06b2b1651cad1bdeec1c292dc18492ccf71dfc4171a3?s=96&d=mm&r=g","caption":"MarcoCastaldi"},"url":"https:\/\/www.area-press.eu\/comunicatistampa\/author\/marcocastaldi\/"}]}},"_links":{"self":[{"href":"https:\/\/www.area-press.eu\/comunicatistampa\/wp-json\/wp\/v2\/posts\/15098","targetHints":{"allow":["GET"]}}],"collection":[{"href":"https:\/\/www.area-press.eu\/comunicatistampa\/wp-json\/wp\/v2\/posts"}],"about":[{"href":"https:\/\/www.area-press.eu\/comunicatistampa\/wp-json\/wp\/v2\/types\/post"}],"author":[{"embeddable":true,"href":"https:\/\/www.area-press.eu\/comunicatistampa\/wp-json\/wp\/v2\/users\/659"}],"replies":[{"embeddable":true,"href":"https:\/\/www.area-press.eu\/comunicatistampa\/wp-json\/wp\/v2\/comments?post=15098"}],"version-history":[{"count":1,"href":"https:\/\/www.area-press.eu\/comunicatistampa\/wp-json\/wp\/v2\/posts\/15098\/revisions"}],"predecessor-version":[{"id":15099,"href":"https:\/\/www.area-press.eu\/comunicatistampa\/wp-json\/wp\/v2\/posts\/15098\/revisions\/15099"}],"wp:attachment":[{"href":"https:\/\/www.area-press.eu\/comunicatistampa\/wp-json\/wp\/v2\/media?parent=15098"}],"wp:term":[{"taxonomy":"category","embeddable":true,"href":"https:\/\/www.area-press.eu\/comunicatistampa\/wp-json\/wp\/v2\/categories?post=15098"},{"taxonomy":"post_tag","embeddable":true,"href":"https:\/\/www.area-press.eu\/comunicatistampa\/wp-json\/wp\/v2\/tags?post=15098"}],"curies":[{"name":"wp","href":"https:\/\/api.w.org\/{rel}","templated":true}]}}