{"id":14861,"date":"2016-12-03T11:58:00","date_gmt":"2016-12-03T10:58:00","guid":{"rendered":"http:\/\/www.area-press.eu\/comunicatistampa\/?p=14861"},"modified":"2016-12-03T11:58:00","modified_gmt":"2016-12-03T10:58:00","slug":"arriva-in-italia-rentila-il-primo-portale-per-la-gestione-dellaffitto-immobiliare","status":"publish","type":"post","link":"https:\/\/www.area-press.eu\/comunicatistampa\/2016\/12\/03\/arriva-in-italia-rentila-il-primo-portale-per-la-gestione-dellaffitto-immobiliare\/","title":{"rendered":"Arriva in Italia Rentila, il primo portale per la gestione dell\u2019affitto immobiliare"},"content":{"rendered":"<h2>Rentila \u00e8 uno strumento online nato in Francia, <strong>dedicato a privati che affittano case, garage, appartamenti ecc.<\/strong> Gratuito, facile da utilizzare e con un\u2019attenzione particolare alla sicurezza dei dati. La gestione dell&#8217;affitto in un solo click!<\/h2>\n<p>Gestire l\u2019affitto come privati non \u00e8 facile. I proprietari si trovano spesso persi tra valanghe di documenti cartacei, rischiano di perdere di vista scadenze importanti, hanno problemi con la cauzione, devono rivolgersi a specialisti per ottenere documenti ufficiali (come i contratti di locazione), devono provvedere a realizzare fatture, aggiornare il canone e cos\u00ec via. E questa \u00e8 esattamente la situazione in cui si \u00e8 trovato per molti anni il fondatore di Rentila, <strong>un portale nato per semplificare e digitalizzare tutte le procedure per affittare un immobile <\/strong>e fornire un valido aiuto ai proprietari privati. Rentila \u00e8 nato 6 anni fa in Francia e ad oggi \u00e8 utilizzato per gestire oltre 60.000 propriet\u00e0, grazie al passaparola tra i vari proprietari. <strong>Da pochi giorni \u00e8 stato lanciato anche in Italia<\/strong>, dove non esiste un servizio simile e i proprietari gestiscono i propri immobili attraverso degli agenti, rinunciando ad una parte del proprio guadagno, o usano software complessi e a pagamento, o nella maggior parte dei casi decidono di arrangiarsi da soli.<\/p>\n<p>Ma come si utilizza Rentila? Innanzitutto bisogna sottolineare che <strong>l\u2019utilizzo \u00e8 gratuito<\/strong> per una propriet\u00e0. Se le propriet\u00e0 aumentano, il prezzo varia da 3\u20ac a 6\u20ac al mese.<br \/>\nL\u2019utente, dopo essersi registrato, potr\u00e0 accedere alla sua area personale, e creare dei profili dettagliati per le sue propriet\u00e0, e per i suoi inquilini, associandoli in un secondo momento. Potr\u00e0 cos\u00ec tenere sotto controllo le entrate e le spese, verificare se il canone \u00e8 stato pagato, generare un <strong>bilancio per la dichiarazione dei redditi<\/strong>, calcolare l\u2019imposta di registro, le tasse locali ecc. e usare il sistema di messaggi privati per comunicare con i propri inquilini.<br \/>\nMa non solo. Potr\u00e0 infatti caricare le foto dell\u2019immobile per realizzare un <strong>inventario digitale<\/strong>, ricevere sulla propria email <strong>promemoria<\/strong> su scadenze, manutenzioni e altri importanti appuntamenti, o gestire le <strong>prenotazioni di affitti brevi <\/strong>e vacanze utilizzando la funzione \u201ccalendario\u201d. Per cercare di semplificare ancora di pi\u00f9 il lavoro e far risparmiare tempo ai proprietari, Rentila permette anche di visualizzare online le ricevute elettroniche, stamparle, archiviarle o scaricarle. Nell\u2019ottica di fornire un servizio completo, il portale mette anche gratuitamente a disposizione degli utenti modelli di lettere e contratti di locazione, redatti da avvocati.<\/p>\n<p>Alla base un <strong>software gestionale<\/strong>, altamente personalizzabile, e programmato per garantire la totale sicurezza dei dati inseriti dagli utenti.<\/p>\n<p>Rentila rivoluzioner\u00e0 la vita dei tanti proprietari privati, ma anche di tanti inquilini in affitto. Il sito faciliter\u00e0 infatti i rapporti tra queste due figure, fornendo un valido aiuto anche a questi ultimi, che potranno utilizzare il sistema di messaggistica interno, per scambiare pi\u00f9 facilmente documenti con i locatori, inviare avvisi o comunicazioni. E per rimanere aggiornati su tutte le novit\u00e0 del settore immobiliare, o approfondire le tematiche legate al mondo dell\u2019affitto, e della casa, Rentila offre anche contenuti sempre aggiornati all\u2019interno del proprio <a href=\"https:\/\/rentila.it\/blog\/\" target=\"_blank\">blog<\/a>.<\/p>\n<p><strong>Un servizio nuovo a disposizione di chi affitta un immobile in Italia<\/strong>, semplice, sicuro e completo di ogni strumento o informazione necessaria. Non resta che visitarlo al seguente indirizzo: <a href=\"http:\/\/www.rentila.it\" target=\"_blank\">www.rentila.it<\/a> e buon affitto a tutti!<\/p>\n","protected":false},"excerpt":{"rendered":"<p>Rentila \u00e8 uno strumento online nato in Francia, dedicato a privati che affittano case, garage, appartamenti ecc. Gratuito, facile da utilizzare e con un\u2019attenzione particolare alla sicurezza dei dati. La gestione dell&#8217;affitto in un solo click! Gestire l\u2019affitto come privati non \u00e8 facile. I proprietari si trovano spesso persi tra valanghe di documenti cartacei, rischiano [&hellip;]<\/p>\n","protected":false},"author":3608,"featured_media":0,"comment_status":"open","ping_status":"open","sticky":false,"template":"","format":"standard","meta":{"footnotes":""},"categories":[4],"tags":[10073,10074,1053],"class_list":["post-14861","post","type-post","status-publish","format-standard","hentry","category-attualita-e-societa","tag-affitto","tag-contratto-locazione","tag-immobiliare"],"_links":{"self":[{"href":"https:\/\/www.area-press.eu\/comunicatistampa\/wp-json\/wp\/v2\/posts\/14861","targetHints":{"allow":["GET"]}}],"collection":[{"href":"https:\/\/www.area-press.eu\/comunicatistampa\/wp-json\/wp\/v2\/posts"}],"about":[{"href":"https:\/\/www.area-press.eu\/comunicatistampa\/wp-json\/wp\/v2\/types\/post"}],"author":[{"embeddable":true,"href":"https:\/\/www.area-press.eu\/comunicatistampa\/wp-json\/wp\/v2\/users\/3608"}],"replies":[{"embeddable":true,"href":"https:\/\/www.area-press.eu\/comunicatistampa\/wp-json\/wp\/v2\/comments?post=14861"}],"version-history":[{"count":1,"href":"https:\/\/www.area-press.eu\/comunicatistampa\/wp-json\/wp\/v2\/posts\/14861\/revisions"}],"predecessor-version":[{"id":14862,"href":"https:\/\/www.area-press.eu\/comunicatistampa\/wp-json\/wp\/v2\/posts\/14861\/revisions\/14862"}],"wp:attachment":[{"href":"https:\/\/www.area-press.eu\/comunicatistampa\/wp-json\/wp\/v2\/media?parent=14861"}],"wp:term":[{"taxonomy":"category","embeddable":true,"href":"https:\/\/www.area-press.eu\/comunicatistampa\/wp-json\/wp\/v2\/categories?post=14861"},{"taxonomy":"post_tag","embeddable":true,"href":"https:\/\/www.area-press.eu\/comunicatistampa\/wp-json\/wp\/v2\/tags?post=14861"}],"curies":[{"name":"wp","href":"https:\/\/api.w.org\/{rel}","templated":true}]}}