{"id":14769,"date":"2016-12-02T11:11:11","date_gmt":"2016-12-02T10:11:11","guid":{"rendered":"http:\/\/www.area-press.eu\/comunicatistampa\/?p=14769"},"modified":"2016-12-02T11:11:11","modified_gmt":"2016-12-02T10:11:11","slug":"leredita-delling-alessandro-marchetti-nel-50-della-sua-scomparsa","status":"publish","type":"post","link":"https:\/\/www.area-press.eu\/comunicatistampa\/2016\/12\/02\/leredita-delling-alessandro-marchetti-nel-50-della-sua-scomparsa\/","title":{"rendered":"L\u2019eredit\u00e0 dell\u2019Ing. Alessandro Marchetti nel 50\u00b0 della sua scomparsa"},"content":{"rendered":"<p><strong>Delegazione di Cori alla giornata evento commemorativa del genio italico dell\u2019aviazione organizzata dal Savoia Marchetti Historical Group Parco e Museo del Volo &#8211; Volandia.<\/strong><\/p>\n<p>Sabato 3 Dicembre, alle ore 10:15, il Sindaco di Cori Tommaso Conti e l\u2019Assessore Fausto Nuglio parteciperanno all\u2019evento \u2018<strong>L\u2019eredit\u00e0 dell\u2019Ing. Alessandro Marchetti nel 50\u00b0 della sua scomparsa\u2019<\/strong>, al quale interverr\u00e0 l\u2019Avv. Alessandro Caucci Molara, nipote di Alessandro Marchetti. L\u2019iniziativa, organizzata dal Savoia Marchetti Historical Group, si svolger\u00e0 a Somma Lombardo, in provincia di Varese, nella sala conferenze dell\u2019area ex Officine Aeronautiche Caproni del Parco e Museo del Volo &#8211; Volandia.<\/p>\n<p><strong>Alessandro Marchetti<\/strong> nacque a Cori il 16 Giugno 1884, dove oggi riposa. Se ne and\u00f2 il 5 Dicembre 1966 a Sesto Calende (VA), sede della <strong>SIAI<\/strong>, storica impresa aereonautica italiana, le cui vicende si legarono per oltre un trentennio all\u2019estro, alle abilit\u00e0 e capacit\u00e0 tecniche dell\u2019ingegnere corese. Ancora oggi molti suoi aerei volano in cielo, onorando la memoria di una grande azienda e delle migliaia di persone che hanno vissuto per essa, facendone un sinonimo di innovazione, progresso, conquista tecnologica e genialit\u00e0 tutta italica.<\/p>\n<p>L\u2019ing. Alessandro Marchetti arriv\u00f2 alla SIAI nel 1921 e realizz\u00f2 oltre 60 progetti. <strong>La sua fama \u00e8 legata soprattutto ai velivoli dei primati e delle imprese aviatorie leggendarie<\/strong>: l\u2019S.55 delle crociere transatlantiche di Balbo, l\u2019S.M.79 Sparviero della Seconda Guerra Mondiale, i \u201cSorci Verdi\u201d delle trasvolate, l\u2019S.16ter dei 55.000 chilometri di De Pinedo e l\u2019S.64 di Ferrarin per la trasvolata atlantica. Il pi\u00f9 recente \u00e8 l\u2019SF-260, tutt\u2019ora impiegato dalle forze armate come addestratore basico e dai privati come aereo da turismo e acrobatico.<\/p>\n<p><strong>A 50 anni dalla morte l\u2019Ing. Alessandro Marchetti, pioniere e avanguardia dell\u2019aviazione, rappresenta ancora il pi\u00f9 grande progettista aeronautico italiano.<\/strong> Fece della SIAI la pi\u00f9 importante industria aereonautica nel mondo, ideando aerei e idrovolanti, civili e miliari, molti dei quali hanno fatto la storia dell\u2019aereonautica e ancora oggi detengono record mondiali. Il 3 Dicembre verranno anche presentati i primi componenti della replica dell\u2019S55X che il Savoia Marchetti Historical Group sta ricostruendo per essere esposto al Volandia.<\/p>\n<p><em><a href=\"http:\/\/ufficiostampaolmr.wix.com\/marcocastaldi\">Marco Castaldi<\/a><\/em><\/p>\n<p><em><a href=\"http:\/\/ufficiostampaolmr.wix.com\/marcocastaldi\">Addetto Stampa &amp; OLMR<\/a><\/em><\/p>\n","protected":false},"excerpt":{"rendered":"<p>Delegazione di Cori alla giornata evento commemorativa del genio italico dell\u2019aviazione organizzata dal Savoia Marchetti Historical Group Parco e Museo del Volo &#8211; Volandia. Sabato 3 Dicembre, alle ore 10:15, il Sindaco di Cori Tommaso Conti e l\u2019Assessore Fausto Nuglio parteciperanno all\u2019evento \u2018L\u2019eredit\u00e0 dell\u2019Ing. Alessandro Marchetti nel 50\u00b0 della sua scomparsa\u2019, al quale interverr\u00e0 l\u2019Avv. [&hellip;]<\/p>\n","protected":false},"author":659,"featured_media":0,"comment_status":"open","ping_status":"open","sticky":false,"template":"","format":"standard","meta":{"footnotes":""},"categories":[8],"tags":[],"class_list":["post-14769","post","type-post","status-publish","format-standard","hentry","category-eventi"],"_links":{"self":[{"href":"https:\/\/www.area-press.eu\/comunicatistampa\/wp-json\/wp\/v2\/posts\/14769","targetHints":{"allow":["GET"]}}],"collection":[{"href":"https:\/\/www.area-press.eu\/comunicatistampa\/wp-json\/wp\/v2\/posts"}],"about":[{"href":"https:\/\/www.area-press.eu\/comunicatistampa\/wp-json\/wp\/v2\/types\/post"}],"author":[{"embeddable":true,"href":"https:\/\/www.area-press.eu\/comunicatistampa\/wp-json\/wp\/v2\/users\/659"}],"replies":[{"embeddable":true,"href":"https:\/\/www.area-press.eu\/comunicatistampa\/wp-json\/wp\/v2\/comments?post=14769"}],"version-history":[{"count":1,"href":"https:\/\/www.area-press.eu\/comunicatistampa\/wp-json\/wp\/v2\/posts\/14769\/revisions"}],"predecessor-version":[{"id":14770,"href":"https:\/\/www.area-press.eu\/comunicatistampa\/wp-json\/wp\/v2\/posts\/14769\/revisions\/14770"}],"wp:attachment":[{"href":"https:\/\/www.area-press.eu\/comunicatistampa\/wp-json\/wp\/v2\/media?parent=14769"}],"wp:term":[{"taxonomy":"category","embeddable":true,"href":"https:\/\/www.area-press.eu\/comunicatistampa\/wp-json\/wp\/v2\/categories?post=14769"},{"taxonomy":"post_tag","embeddable":true,"href":"https:\/\/www.area-press.eu\/comunicatistampa\/wp-json\/wp\/v2\/tags?post=14769"}],"curies":[{"name":"wp","href":"https:\/\/api.w.org\/{rel}","templated":true}]}}