{"id":14759,"date":"2016-12-02T11:11:10","date_gmt":"2016-12-02T10:11:10","guid":{"rendered":"http:\/\/www.area-press.eu\/comunicatistampa\/?p=14759"},"modified":"2016-12-02T11:11:10","modified_gmt":"2016-12-02T10:11:10","slug":"si-al-natale-si-alla-festa","status":"publish","type":"post","link":"https:\/\/www.area-press.eu\/comunicatistampa\/2016\/12\/02\/si-al-natale-si-alla-festa\/","title":{"rendered":"Si al Natale, si alla festa"},"content":{"rendered":"<p><strong>Musica e tante opportunit\u00e0 di risparmio per aspettare insieme il 25 dicembre<\/strong><\/p>\n<p><strong>Cori e band\u00a0 di giovani e giovanissimi si esibiscono a partire da Domenica 4 dicembre. Concerto inaugurale con <\/strong><strong><em>Coro delle due valli e Vox Canora<\/em><\/strong><\/p>\n<p><strong>Gioved\u00ec 8 dicembre buoni acquisto da 5<\/strong><strong>\u20ac in regalo<\/strong><\/p>\n<p>Il programma \u00e8 incentrato sulla musica, che gioca un ruolo fondamentale nella magia del Natale, ma che \u00e8 anche filo conduttore della vita culturale parmense.<\/p>\n<p>A Natale vengono quindi offerti alla comunit\u00e0 appuntamenti di aggregazione incentrati su questa forma espressiva fondamentale per la citt\u00e0.<\/p>\n<p>Tra questi, la speciale <strong>rassegna musicale ospitata al centro commerciale Eurosia di Parma<\/strong>; speciale anche perch\u00e9 <strong>vedr\u00e0 protagonisti giovani e giovanissimi musicisti e coristi<\/strong> di band e scuole del nostro territorio.<\/p>\n<p><strong>Domenica 4, 11 e 18 dicembre scuole, band e corali <\/strong>saranno protagoniste di <strong>INCANTO DI NATALE<\/strong>: proporranno infatti a grandi e piccini i pi\u00f9 amati ed emozionanti <strong>canti natalizi, i brani pi\u00f9 conosciuti, le note pi\u00f9 coinvolgenti, <\/strong>brani famosi, melodie conosciute da tutti, grandi e piccoli, ma anche tanta buona musica italiana e internazionale.<\/p>\n<p>L\u2019obiettivo \u00e8 quello di valorizzare l\u2019attivit\u00e0 dei cori e delle associazioni culturali di Parma e provincia e le attivit\u00e0 musicali, teatrali, creative che gli insegnanti svolgono in classe.<\/p>\n<p>Si comincia Domenica 4 dicembre alle ore 16:00 con i canti della tradizione e natalizi interpretati dal <strong><em>Coro delle due valli <\/em><\/strong>e da<strong><em> Vox Canora.<\/em><\/strong><\/p>\n<p>Il Coro Due Valli nasce nell&#8217;estate del 1994 in seguito alla fusione dei Coro di Beduzzo con la Corale Val Cedra.\u00a0 Il nome Due Valli nasce per sottolineare idealmente l&#8217;unione fra la Val Cedra e Val Parma. Oggi il coro \u00e8 formato da una trentina di coristi provenienti dai comuni di Palanzano, Monchio delle Corti, Tizzano Val Parma e Langhirano e il suo repertorio spazia da canti della tradizione popolare a quella religiosa.<\/p>\n<p>Dal 2000, anno della sua nascita, l&#8217;ensemble vocale &#8220;Vox Canora&#8221;diretta dal M\u00ba Monica Lodesani ha saputo affermarsi all&#8217;interno del panorama nazionale di musica moderna; l&#8217;attuale programma spazia da brani di musica antica fino a recenti trascrizioni di musica moderna e pop o colonne sonore sottolineando il carattere eclettico della formazione.<\/p>\n<p>Da segnalare gioved\u00ec 8 dicembre l\u2019iniziativa\u00a0 <strong>Natale \u00e8 gi\u00e0 arrivato! <\/strong>che prevede, dalle 10:00 alle 13:00 e dalle 15:00 alle 19:30, la distribuzione ai possessori della card Eurosia di un<strong> buono acquisto di 5\u20ac da rispendere subito.<\/strong><\/p>\n<p>Solo un cenno algli appuntamenti successivi:<\/p>\n<p>Domenica 11 dicembre | Ore 16:00<\/p>\n<p>Canti popolari, liturgici, della montagna con il coro di <strong><em>Sant\u2019ilario di Fognano<\/em><\/strong><\/p>\n<p>Band giovani e voci soliste della Scuola di mussica del <strong><em>Corpo Filarmonico di Sant\u2019ilario d\u2019Enza<\/em><\/strong> eseguono brani della tradizione e pop \u2013 rock<\/p>\n<p>Domenica 18 dicembre | ore 17:00<\/p>\n<p>Il Grande coro Insieme dell\u2019istituto Comprensivo di Sant\u2019ilario D\u2019Enza accompagnato dalle Maestre Sara Sistici e Federica Bergamaschi esegue canti natalizi, moderni e internazionali<\/p>\n<p>Sabato 24 dicembre immancabile Babbo Natale arriva a cavallo.<\/p>\n<p>&nbsp;<\/p>\n<p>&nbsp;<\/p>\n","protected":false},"excerpt":{"rendered":"<p>Musica e tante opportunit\u00e0 di risparmio per aspettare insieme il 25 dicembre Cori e band\u00a0 di giovani e giovanissimi si esibiscono a partire da Domenica 4 dicembre. Concerto inaugurale con Coro delle due valli e Vox Canora Gioved\u00ec 8 dicembre buoni acquisto da 5\u20ac in regalo Il programma \u00e8 incentrato sulla musica, che gioca un [&hellip;]<\/p>\n","protected":false},"author":3395,"featured_media":0,"comment_status":"open","ping_status":"open","sticky":false,"template":"","format":"standard","meta":{"footnotes":""},"categories":[29],"tags":[],"class_list":["post-14759","post","type-post","status-publish","format-standard","hentry","category-comunicati"],"_links":{"self":[{"href":"https:\/\/www.area-press.eu\/comunicatistampa\/wp-json\/wp\/v2\/posts\/14759","targetHints":{"allow":["GET"]}}],"collection":[{"href":"https:\/\/www.area-press.eu\/comunicatistampa\/wp-json\/wp\/v2\/posts"}],"about":[{"href":"https:\/\/www.area-press.eu\/comunicatistampa\/wp-json\/wp\/v2\/types\/post"}],"author":[{"embeddable":true,"href":"https:\/\/www.area-press.eu\/comunicatistampa\/wp-json\/wp\/v2\/users\/3395"}],"replies":[{"embeddable":true,"href":"https:\/\/www.area-press.eu\/comunicatistampa\/wp-json\/wp\/v2\/comments?post=14759"}],"version-history":[{"count":1,"href":"https:\/\/www.area-press.eu\/comunicatistampa\/wp-json\/wp\/v2\/posts\/14759\/revisions"}],"predecessor-version":[{"id":14760,"href":"https:\/\/www.area-press.eu\/comunicatistampa\/wp-json\/wp\/v2\/posts\/14759\/revisions\/14760"}],"wp:attachment":[{"href":"https:\/\/www.area-press.eu\/comunicatistampa\/wp-json\/wp\/v2\/media?parent=14759"}],"wp:term":[{"taxonomy":"category","embeddable":true,"href":"https:\/\/www.area-press.eu\/comunicatistampa\/wp-json\/wp\/v2\/categories?post=14759"},{"taxonomy":"post_tag","embeddable":true,"href":"https:\/\/www.area-press.eu\/comunicatistampa\/wp-json\/wp\/v2\/tags?post=14759"}],"curies":[{"name":"wp","href":"https:\/\/api.w.org\/{rel}","templated":true}]}}