{"id":14747,"date":"2016-12-01T11:15:44","date_gmt":"2016-12-01T10:15:44","guid":{"rendered":"http:\/\/www.area-press.eu\/comunicatistampa\/?p=14747"},"modified":"2016-12-01T11:15:44","modified_gmt":"2016-12-01T10:15:44","slug":"visita-guidata-castello-sforzesco-per-tutte-le-eta","status":"publish","type":"post","link":"https:\/\/www.area-press.eu\/comunicatistampa\/2016\/12\/01\/visita-guidata-castello-sforzesco-per-tutte-le-eta\/","title":{"rendered":"Visita guidata Castello Sforzesco per tutte le et\u00e0."},"content":{"rendered":"<p>Il Castello Sforzesco, un tempo segno della dominazione straniera, ora \u00e8 ricordato come un maestoso simbolo della citt\u00e0 di Milano e della famiglia Sforza. L&#8217;edificio esteriormente spicca per le sue torri merlate, visitabili grazie a specifici itinerari, e per i suoi cortili. La sua importanza la deve anche al fatto che ospita una quindicina tra musei, biblioteche e Gabinetti. Da ricordare il Museo Piet\u00e0 Rondanini che ospita la nota scultura di Michelangelo, oppure la Pinacoteca con le diverse collezioni di pitture lombarde e dipinti di autori come Mantegna, Tintoretto e Tiziano.<br \/>\nDifficoltoso percorrerlo e godere di tutte le offerte culturali che offre se lo si visita per la prima volta.<br \/>\nSe si desidera conoscerlo e approfondire la storia di tutte le ricchezze esposte, \u00e8 possibile prenotare delle visite guidate.\u00a0Gli itinerari proposti sono molteplici e adatti a differenti tipi di utenti.<\/p>\n<p><strong>Le offerte visite guidate castello possono essere didattiche, per gruppi o singole.<\/strong><br \/>\nI percorsi sono stati adattati a differenti fasce d&#8217;et\u00e0.<br \/>\n\u00c9 consigliabile per le famiglie con figli piccoli riservare una <a href=\"http:\/\/adartem.it\/famiglie-individuali\/news\/visita-guidata-castello-sforzesco\/\">visita guidata castello<\/a> adatta anche a bambini di 4-5 anni, realizzata appositamente con molti momenti interattivi e di dialogo tra visitatori e l&#8217;esperto. Il castello, ad esempio, pu\u00f2 essere rivisitato in forma di fiaba con l&#8217;aiuto di una guida e di un libro magico, oppure si possono scoprire tecniche e materiali pittorici attraverso una caccia al tesoro.<br \/>\nAl termine solitamente ai bambini \u00e8 riservato un momento di attivit\u00e0 pratica.<br \/>\nMolte iniziative sono rivolte anche a gruppi turistici e agenzie, che possono riservare la loro <a href=\"http:\/\/adartem.it\/famiglie-individuali\/news\/visita-guidata-castello-sforzesco\/\">visita guidata castello<\/a> con facilit\u00e0 e avendo un fornito calendario a disposizione, che offre particolari itinerari a ridosso di feste come Natale e Pasqua. \u00c9 possibile infatti anche uscire dal castello e svolgere delle vere e proprie passeggiate tra vicoli antichi e addobbati e presepi per terminare con degustazioni tradizionali del luogo. Oppure si possono visitare le torri merlate, osservando lo splendido panorama della\u00a0citt\u00e0 e accompagnati da ospiti venuti dal passato come Leonardo da Vinci.<\/p>\n<p><strong>Le proposte didattiche sono rivolte a scuole dell&#8217;infanzia, primarie e secondarie.<\/strong><br \/>\nPer riuscire a coinvolgere bambini e adolescenti sono stati sperimentati dei percorsi animati da attori professionisti che interpretano personaggi come Massimiliano Sforza o i mestieri dei pittori e degli scultori. Alcune visite sono anche coadiuvate da attivit\u00e0 pratiche che permettono ai giovani utenti di immedesimarsi nell&#8217;antico modo di vivere del Castello Sforzesco. Tra le iniziative per i singoli e gli adulti sono da ricordare anche le visite serali.<br \/>\nLa notte regala una suggestione magica ai luoghi antichi che possono essere ancora pi\u00f9 apprezzati se percorsi insieme a degli esperti. Tutte le visite guidate castello sono offerte che permettono anche dei\u00a0percorsi segreti, due in tutto, visibili soltanto se accompagnati da guide.<\/p>\n<p>In media le visite durano 90 minuti, specialmente quelle rivolte ai pi\u00f9\u00a0giovani, i percorsi possono essere anche pi\u00f9 lunghi. Per facilitare ancora di pi\u00f9 i visitatori, specialmente i turisti che giungono da lontano, \u00e8 inoltre possibile prenotare il proprio itinerario online.<\/p>\n","protected":false},"excerpt":{"rendered":"<p>Il Castello Sforzesco, un tempo segno della dominazione straniera, ora \u00e8 ricordato come un maestoso simbolo della citt\u00e0 di Milano e della famiglia Sforza. L&#8217;edificio esteriormente spicca per le sue torri merlate, visitabili grazie a specifici itinerari, e per i suoi cortili. La sua importanza la deve anche al fatto che ospita una quindicina tra [&hellip;]<\/p>\n","protected":false},"author":3454,"featured_media":0,"comment_status":"open","ping_status":"open","sticky":false,"template":"","format":"standard","meta":{"footnotes":""},"categories":[3,4,8,17],"tags":[10020],"class_list":["post-14747","post","type-post","status-publish","format-standard","hentry","category-arte-e-cultura","category-attualita-e-societa","category-eventi","category-turismo","tag-visita-guidata-castello"],"_links":{"self":[{"href":"https:\/\/www.area-press.eu\/comunicatistampa\/wp-json\/wp\/v2\/posts\/14747","targetHints":{"allow":["GET"]}}],"collection":[{"href":"https:\/\/www.area-press.eu\/comunicatistampa\/wp-json\/wp\/v2\/posts"}],"about":[{"href":"https:\/\/www.area-press.eu\/comunicatistampa\/wp-json\/wp\/v2\/types\/post"}],"author":[{"embeddable":true,"href":"https:\/\/www.area-press.eu\/comunicatistampa\/wp-json\/wp\/v2\/users\/3454"}],"replies":[{"embeddable":true,"href":"https:\/\/www.area-press.eu\/comunicatistampa\/wp-json\/wp\/v2\/comments?post=14747"}],"version-history":[{"count":1,"href":"https:\/\/www.area-press.eu\/comunicatistampa\/wp-json\/wp\/v2\/posts\/14747\/revisions"}],"predecessor-version":[{"id":14752,"href":"https:\/\/www.area-press.eu\/comunicatistampa\/wp-json\/wp\/v2\/posts\/14747\/revisions\/14752"}],"wp:attachment":[{"href":"https:\/\/www.area-press.eu\/comunicatistampa\/wp-json\/wp\/v2\/media?parent=14747"}],"wp:term":[{"taxonomy":"category","embeddable":true,"href":"https:\/\/www.area-press.eu\/comunicatistampa\/wp-json\/wp\/v2\/categories?post=14747"},{"taxonomy":"post_tag","embeddable":true,"href":"https:\/\/www.area-press.eu\/comunicatistampa\/wp-json\/wp\/v2\/tags?post=14747"}],"curies":[{"name":"wp","href":"https:\/\/api.w.org\/{rel}","templated":true}]}}