{"id":14458,"date":"2016-11-25T12:03:15","date_gmt":"2016-11-25T11:03:15","guid":{"rendered":"http:\/\/www.area-press.eu\/comunicatistampa\/?p=14458"},"modified":"2016-11-25T12:03:15","modified_gmt":"2016-11-25T11:03:15","slug":"volontariato-viatore-questa-risoluzione-nasconde-un-problema-concettuale-e-culturale","status":"publish","type":"post","link":"https:\/\/www.area-press.eu\/comunicatistampa\/2016\/11\/25\/volontariato-viatore-questa-risoluzione-nasconde-un-problema-concettuale-e-culturale\/","title":{"rendered":"VOLONTARIATO, VIATORE: QUESTA RISOLUZIONE NASCONDE UN PROBLEMA CONCETTUALE E CULTURALE"},"content":{"rendered":"<p align=\"JUSTIFY\">\u201cPurtroppo anche la Risoluzione dello scorso 28 ottobre 2016dal Parlamento Europeo nasconde un problema concettuale e culturale che descrive una visione europea frammentata, dove l\u2019implementazione delle politiche europee \u00e8 sempre pi\u00f9 demandata agli Stati Membri\u201d. cos\u00ec dichiara Massimiliano Viatore, presidente di AFSAI in merito alla recente Risoluzione del Parlamento Europeo sul volontariato internazionale.<\/p>\n<p align=\"JUSTIFY\">\u201cQuesto atteggiamento \u2013 prosegue \u2013 produce i presupposti che ci hanno portato al punto in cui ci troviamo: l\u2019Unione Europea \u00e8 vista come un problema ed una entit\u00e0 &#8216;altra&#8217;, anzich\u00e9 rappresentare una risorsa ed un\u2019opportunit\u00e0\u201d<\/p>\n<p align=\"JUSTIFY\">\u201cQuesta \u00e8 una questione \u2013 conclude Viatore \u2013 che ci trasciniamo dal 2007 quando la Commissione Europea, in relazione ai programmi europei di mobilit\u00e0 per i Giovani (Giovent\u00f9 in Azione) obblig\u00f2 attraverso una direttiva (2004\/114\/CE) le Autorit\u00e0 Nazionali a dotarsi di una normativa per l\u2019emissione di Visti per soggiorni di Volontariato al fine di consentire a giovani europei ed extra-europei di partecipare senza ostacoli ai progetti promossi dall\u2019Unione Europea come il Servizio Volontario Europeo.\u201d<\/p>\n<p align=\"JUSTIFY\">\n","protected":false},"excerpt":{"rendered":"<p>\u201cPurtroppo anche la Risoluzione dello scorso 28 ottobre 2016dal Parlamento Europeo nasconde un problema concettuale e culturale che descrive una visione europea frammentata, dove l\u2019implementazione delle politiche europee \u00e8 sempre pi\u00f9 demandata agli Stati Membri\u201d. cos\u00ec dichiara Massimiliano Viatore, presidente di AFSAI in merito alla recente Risoluzione del Parlamento Europeo sul volontariato internazionale. \u201cQuesto atteggiamento [&hellip;]<\/p>\n","protected":false},"author":3296,"featured_media":0,"comment_status":"open","ping_status":"open","sticky":false,"template":"","format":"standard","meta":{"footnotes":""},"categories":[29],"tags":[],"class_list":["post-14458","post","type-post","status-publish","format-standard","hentry","category-comunicati"],"_links":{"self":[{"href":"https:\/\/www.area-press.eu\/comunicatistampa\/wp-json\/wp\/v2\/posts\/14458","targetHints":{"allow":["GET"]}}],"collection":[{"href":"https:\/\/www.area-press.eu\/comunicatistampa\/wp-json\/wp\/v2\/posts"}],"about":[{"href":"https:\/\/www.area-press.eu\/comunicatistampa\/wp-json\/wp\/v2\/types\/post"}],"author":[{"embeddable":true,"href":"https:\/\/www.area-press.eu\/comunicatistampa\/wp-json\/wp\/v2\/users\/3296"}],"replies":[{"embeddable":true,"href":"https:\/\/www.area-press.eu\/comunicatistampa\/wp-json\/wp\/v2\/comments?post=14458"}],"version-history":[{"count":2,"href":"https:\/\/www.area-press.eu\/comunicatistampa\/wp-json\/wp\/v2\/posts\/14458\/revisions"}],"predecessor-version":[{"id":14461,"href":"https:\/\/www.area-press.eu\/comunicatistampa\/wp-json\/wp\/v2\/posts\/14458\/revisions\/14461"}],"wp:attachment":[{"href":"https:\/\/www.area-press.eu\/comunicatistampa\/wp-json\/wp\/v2\/media?parent=14458"}],"wp:term":[{"taxonomy":"category","embeddable":true,"href":"https:\/\/www.area-press.eu\/comunicatistampa\/wp-json\/wp\/v2\/categories?post=14458"},{"taxonomy":"post_tag","embeddable":true,"href":"https:\/\/www.area-press.eu\/comunicatistampa\/wp-json\/wp\/v2\/tags?post=14458"}],"curies":[{"name":"wp","href":"https:\/\/api.w.org\/{rel}","templated":true}]}}