{"id":14407,"date":"2016-11-25T12:03:13","date_gmt":"2016-11-25T11:03:13","guid":{"rendered":"http:\/\/www.area-press.eu\/comunicatistampa\/?p=14407"},"modified":"2016-11-25T12:03:13","modified_gmt":"2016-11-25T11:03:13","slug":"personal-trainer-ad-asti-falegnami-a-biella-e-fotografi-a-vercelli-ecco-i-professionisti-piu-cercati-online-in-piemonte","status":"publish","type":"post","link":"https:\/\/www.area-press.eu\/comunicatistampa\/2016\/11\/25\/personal-trainer-ad-asti-falegnami-a-biella-e-fotografi-a-vercelli-ecco-i-professionisti-piu-cercati-online-in-piemonte\/","title":{"rendered":"Personal trainer ad Asti, falegnami a Biella e fotografi a Vercelli:  ecco i professionisti pi\u00f9 cercati online in Piemonte"},"content":{"rendered":"<p><strong><em>Nella sola Torino, ogni mese, i professionisti disponibili online inviano preventivi per un valore <\/em><\/strong><strong><em>di circa 1 milione di euro<\/em><\/strong><\/p>\n<p>A chi non \u00e8 mai capitato di aver realmente bisogno di un professionista, ma non sapere a chi rivolgersi? Sempre pi\u00f9 italiani scelgono il web per risolvere questo problema e anche i piemontesi non fanno eccezione, anche se in ciascuna provincia le richieste cambiano. Secondo i dati dell\u2019Osservatorio di ProntoPro.it \u00a0 \u00a0 \u00a0 \u00a0 \u00a0 \u00a0 \u00a0(\u00a0<a href=\"http:\/\/www.prontopro.it\">www.prontopro.it<\/a> ), primo sito del settore per numero di utenti che mette in contatto domanda e offerta di lavoro professionale e artigianale, solo per fare qualche esempio, ad <strong>Alessandria <\/strong>i pi\u00f9 cercati sono gli <strong>installatori di infissi<\/strong> <strong>e serramenti<\/strong>, a <strong>Torino<\/strong> quelli <strong>di antifurti<\/strong> e a <strong>Novara i professionisti del catering<\/strong>.<\/p>\n<p>Se nel capoluogo e ad Alessandria, i cittadini dopo aver messo in sicurezza la propria casa cercano soluzioni per renderla pi\u00f9 \u201c<em>colorata<\/em>\u201d &#8211; considerato che al secondo posto nelle ricerche online in queste citt\u00e0 si trovano gli <strong>imbianchini<\/strong> &#8211; gli abitanti di Novara conferiscono la medaglia d\u2019argento a chi \u00e8 capace di liberarli dalle odiate zanzare dato che sono proprio i professionisti che offrono il servizio di <strong>installazione di zanzariere<\/strong> i pi\u00f9 cercati dopo quelli del catering.<\/p>\n<p>Continuando a scorrere l\u2019elenco delle categorie professionali pi\u00f9 cercate online in Piemonte, si scopre che gli <strong>astigiani <\/strong>si connettono per cercare soprattutto i <strong>personal trainer<\/strong> e dimostrano un notevole interesse per benessere e forma fisica, interesse condiviso a <strong>Biella<\/strong>, dove le ricerche per allenatori personali sono seconde solo a quelle per un mestiere che sembrerebbe quasi in via di estinzione e che invece grazie al web ha trovato nuova linfa: quello dei<strong> falegnami <\/strong>che si mettono a disposizione principalmente per la realizzazione di mobili su misura e ristrutturazione.<\/p>\n<p>A<strong> Cuneo<\/strong>, come ad Alessandria, i professionisti pi\u00f9 cercati sono gli installatori di infissi e serramenti, ma i cuneesi dimostrano di essere anche dei gran festaioli dato che al secondo posto delle loro ricerche online si collocano i <strong>dj.\u00a0 <\/strong><\/p>\n<p>Nella provincia di <strong>Verbano-Cusio-Ossola <\/strong>i primi in termini di ricerca sono i <strong>docenti di lingue.<\/strong> Rafforzarsi in idiomi diversi dal nostro \u00e8 diventato molto pi\u00f9 semplice grazie al web: corsi online e offline e opportunit\u00e0 di ricevere ripetizioni in materie scolastiche ed extra-scolastiche sono solo alcune delle proposte degli insegnanti che scelgono di farsi trovare anche online. Infine i <strong>vercellesi<\/strong> si dimostrano grandi appassionati di belle foto dato che la categoria di professionisti pi\u00f9 cercata \u00e8 quella dei <strong>fotografi<\/strong>. Social come Instagram e Pinterest hanno sicuramente aumentato l\u2019interesse verso la fotografia professionale, facendo aumentare il coinvolgimento generale verso storie raccontate da persone\u00a0 che con le proprie foto sono capaci di regalare vere emozioni.<\/p>\n<p>Il primo test per il lancio del servizio in Piemonte \u00e8 stato fatto a Torino che, fin da subito, ha risposto in maniera entusiasta e i professionisti di questa citt\u00e0 hanno complessivamente inviato ogni mese, tramite ProntoPro.it, preventivi per un valore di circa un milione di euro.<\/p>\n<p><em>\u201cLe piccole e medie imprese piemontesi stanno aumentando il proprio giro d\u2019affari grazie al web <\/em>&#8211; ha dichiarato <strong>Marco Ogliengo<\/strong>, <strong>amministratore delegato di ProntoPro.it<\/strong> \u2013 <em>Da torinese sono molto orgoglioso di partecipare alla creazione di questo circolo virtuoso che a mio parere pu\u00f2 diventare il modo pi\u00f9 efficace per raggiungere molti clienti con costi bassi\u201d.<\/em><\/p>\n<p><strong>\u00a0<\/strong><\/p>\n","protected":false},"excerpt":{"rendered":"<p>Nella sola Torino, ogni mese, i professionisti disponibili online inviano preventivi per un valore di circa 1 milione di euro A chi non \u00e8 mai capitato di aver realmente bisogno di un professionista, ma non sapere a chi rivolgersi? Sempre pi\u00f9 italiani scelgono il web per risolvere questo problema e anche i piemontesi non fanno [&hellip;]<\/p>\n","protected":false},"author":2761,"featured_media":0,"comment_status":"open","ping_status":"open","sticky":false,"template":"","format":"standard","meta":{"footnotes":""},"categories":[29,11],"tags":[9865,8530],"class_list":["post-14407","post","type-post","status-publish","format-standard","hentry","category-comunicati","category-lavoro","tag-citta-piemontesi","tag-piemonte"],"_links":{"self":[{"href":"https:\/\/www.area-press.eu\/comunicatistampa\/wp-json\/wp\/v2\/posts\/14407","targetHints":{"allow":["GET"]}}],"collection":[{"href":"https:\/\/www.area-press.eu\/comunicatistampa\/wp-json\/wp\/v2\/posts"}],"about":[{"href":"https:\/\/www.area-press.eu\/comunicatistampa\/wp-json\/wp\/v2\/types\/post"}],"author":[{"embeddable":true,"href":"https:\/\/www.area-press.eu\/comunicatistampa\/wp-json\/wp\/v2\/users\/2761"}],"replies":[{"embeddable":true,"href":"https:\/\/www.area-press.eu\/comunicatistampa\/wp-json\/wp\/v2\/comments?post=14407"}],"version-history":[{"count":2,"href":"https:\/\/www.area-press.eu\/comunicatistampa\/wp-json\/wp\/v2\/posts\/14407\/revisions"}],"predecessor-version":[{"id":14409,"href":"https:\/\/www.area-press.eu\/comunicatistampa\/wp-json\/wp\/v2\/posts\/14407\/revisions\/14409"}],"wp:attachment":[{"href":"https:\/\/www.area-press.eu\/comunicatistampa\/wp-json\/wp\/v2\/media?parent=14407"}],"wp:term":[{"taxonomy":"category","embeddable":true,"href":"https:\/\/www.area-press.eu\/comunicatistampa\/wp-json\/wp\/v2\/categories?post=14407"},{"taxonomy":"post_tag","embeddable":true,"href":"https:\/\/www.area-press.eu\/comunicatistampa\/wp-json\/wp\/v2\/tags?post=14407"}],"curies":[{"name":"wp","href":"https:\/\/api.w.org\/{rel}","templated":true}]}}