{"id":14331,"date":"2016-11-23T13:34:45","date_gmt":"2016-11-23T12:34:45","guid":{"rendered":"http:\/\/www.area-press.eu\/comunicatistampa\/?p=14331"},"modified":"2016-11-23T13:34:45","modified_gmt":"2016-11-23T12:34:45","slug":"relax-dautunno-nella-luxury-spa-del-falkensteiner-hotel-spa-jesolo","status":"publish","type":"post","link":"https:\/\/www.area-press.eu\/comunicatistampa\/2016\/11\/23\/relax-dautunno-nella-luxury-spa-del-falkensteiner-hotel-spa-jesolo\/","title":{"rendered":"RELAX D&#8217;AUTUNNO NELLA LUXURY SPA DEL FALKENSTEINER HOTEL &amp; SPA JESOLO"},"content":{"rendered":"<div class=\"mainheaderm1649h2999Title\">\n<table class=\"fixm1649h2999Table\" border=\"0\" width=\"600\" cellspacing=\"0\" cellpadding=\"0\">\n<tbody>\n<tr>\n<td valign=\"top\"><a class=\"gtimglink\" href=\"http:\/\/falkensteiner.mncertified.com\/nl\/link?c=n9na&amp;d=2tn&amp;h=24sosce21qibf7hmhb1030nodi&amp;i=1jh&amp;iw=1&amp;p=H197671585&amp;s=lp&amp;sn=152&amp;z=alm\" target=\"_blank\"><img loading=\"lazy\" decoding=\"async\" class=\"fixm1649h2999Image\" title=\"Hotel &amp; Spa Jesolo 5 stelle\" src=\"http:\/\/falkensteiner.mncertified.com\/nl\/res\/1649\/newsletters\/1186\/img\/hd_jesolo_inverno_w600_h400.jpg\" alt=\"Hotel &amp; Spa Jesolo 5 stelle\" width=\"600\" height=\"400\" align=\"middle\" \/><\/a><\/td>\n<\/tr>\n<\/tbody>\n<\/table>\n<\/div>\n<div class=\"mainheaderm1649h2999Subtitle\">\n<p>Caro ospite,<\/p>\n<p>inverno, <a title=\"Acquapura SPA\" href=\"http:\/\/falkensteiner.mncertified.com\/nl\/link?c=n9na&amp;d=2tn&amp;h=2f3drd546cc84e1e68bpmvvq5i&amp;i=1jh&amp;iw=1&amp;p=H939075533&amp;s=lp&amp;sn=152&amp;z=aln\" target=\"_blank\">benessere<\/a> e Natale sul mare Adriatico. \u00c8 il periodo giusto per passare <a title=\"Offerte\" href=\"http:\/\/falkensteiner.mncertified.com\/nl\/link?c=n9na&amp;d=2tn&amp;h=340jpd9ml3pit4ken1g35qtgk0&amp;i=1jh&amp;iw=1&amp;p=H939075534&amp;s=lp&amp;sn=152&amp;z=alo\" target=\"_blank\">momenti unici<\/a> con la famiglia.<br \/>\nCosa c\u2019\u00e8 di pi\u00f9 bello? I momenti felici sono i regali pi\u00f9 belli della vita. Trascorrete l&#8217;Avvento insieme ai vostri cari e scoprite il lato mai visto di Jesolo: il nuovo mercatino di Natale di Jesolo, aperto dal 2 dicembre 2016\u00a0 all&#8217; 8 gennaio 2017, con 45 bancarelle, luci, aromi natalizi e prodotti artigianali che rendono perfetta l\u2019atmosfera natalizia; lo shopping natalizio nel vicino Outlet di Noventa di Piave e le immancabili bellezze di Venezia.<\/p>\n<div class=\"articlem1649h2999Title\">\n<p>NATALE &amp; CAPODANNO<\/p>\n<\/div>\n<div class=\"articlem1649h2999Description\">\n<p>2 NOTTI \/\/ A PARTIRE DA EURO 379Con la famiglia o con gli amici, nel periodo pi\u00f9 bello dell&#8217;anno, lasciateVi viziare e incantare in tutti i sensi in un hotel speciale. Sensazioni \u201cWelcome Home\u201d e servizi di prima classe.<\/p>\n<div class=\"articlem1649h2999Title\">\n<p>READY FOR CHRISTMAS<\/p>\n<\/div>\n<div class=\"articlem1649h2999Description\">\n<p>2 NOTTI \/\/ A PARTIRE DA EURO 176Shopping nel Designer Outlet, prelibatezze culinarie, mercatini a Jesolo e benessere allo stato puro. Vi offriamo giorni memorabili pieni di emozioni, a Jesolo e a Venezia.<\/p>\n<\/div>\n<\/div>\n<p>Saremo lieti di darVi il benvenuto e di passare le festivit\u00e1 insieme.<br \/>\nIl team dei Falkensteiner Hotel &amp; Spa Jesolo<\/p>\n<\/div>\n<p>Falkensteiner Hotel &amp; Spa Jesolo &#8211; Piazza Le Corbusier 6 &#8211; 30016 Lido di Jesolo (Venezia) &#8211; IT<br \/>\nTel. 0472 975650 &#8211; email reservations.jesolo@falkensteiner.com &#8211;\u00a0www.falkensteiner.com\/it\/hotel\/jesolo<\/p>\n","protected":false},"excerpt":{"rendered":"<p>Caro ospite, inverno, benessere e Natale sul mare Adriatico. \u00c8 il periodo giusto per passare momenti unici con la famiglia. Cosa c\u2019\u00e8 di pi\u00f9 bello? I momenti felici sono i regali pi\u00f9 belli della vita. Trascorrete l&#8217;Avvento insieme ai vostri cari e scoprite il lato mai visto di Jesolo: il nuovo mercatino di Natale di [&hellip;]<\/p>\n","protected":false},"author":3540,"featured_media":0,"comment_status":"open","ping_status":"open","sticky":false,"template":"","format":"image","meta":{"footnotes":""},"categories":[29],"tags":[],"class_list":["post-14331","post","type-post","status-publish","format-image","hentry","category-comunicati","post_format-post-format-image"],"_links":{"self":[{"href":"https:\/\/www.area-press.eu\/comunicatistampa\/wp-json\/wp\/v2\/posts\/14331","targetHints":{"allow":["GET"]}}],"collection":[{"href":"https:\/\/www.area-press.eu\/comunicatistampa\/wp-json\/wp\/v2\/posts"}],"about":[{"href":"https:\/\/www.area-press.eu\/comunicatistampa\/wp-json\/wp\/v2\/types\/post"}],"author":[{"embeddable":true,"href":"https:\/\/www.area-press.eu\/comunicatistampa\/wp-json\/wp\/v2\/users\/3540"}],"replies":[{"embeddable":true,"href":"https:\/\/www.area-press.eu\/comunicatistampa\/wp-json\/wp\/v2\/comments?post=14331"}],"version-history":[{"count":2,"href":"https:\/\/www.area-press.eu\/comunicatistampa\/wp-json\/wp\/v2\/posts\/14331\/revisions"}],"predecessor-version":[{"id":14333,"href":"https:\/\/www.area-press.eu\/comunicatistampa\/wp-json\/wp\/v2\/posts\/14331\/revisions\/14333"}],"wp:attachment":[{"href":"https:\/\/www.area-press.eu\/comunicatistampa\/wp-json\/wp\/v2\/media?parent=14331"}],"wp:term":[{"taxonomy":"category","embeddable":true,"href":"https:\/\/www.area-press.eu\/comunicatistampa\/wp-json\/wp\/v2\/categories?post=14331"},{"taxonomy":"post_tag","embeddable":true,"href":"https:\/\/www.area-press.eu\/comunicatistampa\/wp-json\/wp\/v2\/tags?post=14331"}],"curies":[{"name":"wp","href":"https:\/\/api.w.org\/{rel}","templated":true}]}}