{"id":14283,"date":"2016-11-22T12:51:47","date_gmt":"2016-11-22T11:51:47","guid":{"rendered":"http:\/\/www.area-press.eu\/comunicatistampa\/?p=14283"},"modified":"2016-11-22T12:51:47","modified_gmt":"2016-11-22T11:51:47","slug":"sanremorock-xxx-edizione-aperti-i-casting","status":"publish","type":"post","link":"https:\/\/www.area-press.eu\/comunicatistampa\/2016\/11\/22\/sanremorock-xxx-edizione-aperti-i-casting\/","title":{"rendered":"Sanremorock XXX\u00b0 Edizione Aperti i casting"},"content":{"rendered":"<p>Sanremo Rock Festival \u00e8 un brand Storico dei primi Anni 80 che ha portato alla luce del successo tantissimi Artisti Italiani e Stranieri.<\/p>\n<p>Sono veramente tanti i Big di Oggi che sono passati dallo Storico &#8220;Teatro Tenda&#8221; nella Citt\u00e0 dei fiori Sanremo ne citiamo solamente alcuni dai Bl\u00f9Vertigo, Carmen Consoli, Litfiba, CCCP, Tazenda, Liga, Jo Squillo, Mod\u00e0\u00a0 ed il Grande Bennato.<\/p>\n<p>Il Festival di questa 30\u00b0 Edizione si rinnova cambiando il Mese della Sua Finale, ovvero il collegio direzione Artistica ha deciso che si terr\u00e0 a Maggio anzich\u00e9 Febbraio come \u00e8 sempre stato in passato, questo per accendere i riflettori dei Media concentrandoli al solo evento del Sanremo Rock, \u00a0per dare maggiore visibilit\u00e0 e concentrazione da parte dei discografici in quanto nelle passate Edizioni ci si divideva con altre manifestazioni ed eventi correlati, da sempre concentrati nella sola Settimana di Febbraio del Festival.<\/p>\n<p>Sanremo Rock \u00e8 un concorso nazionale aperto a tutte le rock e indie band italiane emergenti ed ai singoli e duo musicali.<\/p>\n<p>Tutti gli anni la manifestazione raccoglie tantissimi giovani in occasione delle semifinali e delle finali, e rappresenta un grande momento di incontro musicale, di confronto, di sana competizione musicale\u2026 e soprattutto offre precise indicazioni sul movimento rock italiano, su quali sono le tendenze, le preferenze, gli stati d\u2019animo, la voglia di urlare la rabbia la passione, o semplicemente essere rock!<\/p>\n<p>&nbsp;<\/p>\n<p>Come partecipare a questa Edizione \u00e8 semplice accedendo al Official web site: www.sanremorock.it ed inviare via mail nell&#8217;apposita casella &#8220;Casting&#8221; il materiale richiesto audio\/video<\/p>\n","protected":false},"excerpt":{"rendered":"<p>Sanremo Rock Festival \u00e8 un brand Storico dei primi Anni 80 che ha portato alla luce del successo tantissimi Artisti Italiani e Stranieri. Sono veramente tanti i Big di Oggi che sono passati dallo Storico &#8220;Teatro Tenda&#8221; nella Citt\u00e0 dei fiori Sanremo ne citiamo solamente alcuni dai Bl\u00f9Vertigo, Carmen Consoli, Litfiba, CCCP, Tazenda, Liga, Jo [&hellip;]<\/p>\n","protected":false},"author":3553,"featured_media":0,"comment_status":"open","ping_status":"open","sticky":false,"template":"","format":"standard","meta":{"footnotes":""},"categories":[29,12],"tags":[4331,9820,9819,721],"class_list":["post-14283","post","type-post","status-publish","format-standard","hentry","category-comunicati","category-musica","tag-contest","tag-concorso-musicale","tag-festival-musicale","tag-musica"],"_links":{"self":[{"href":"https:\/\/www.area-press.eu\/comunicatistampa\/wp-json\/wp\/v2\/posts\/14283","targetHints":{"allow":["GET"]}}],"collection":[{"href":"https:\/\/www.area-press.eu\/comunicatistampa\/wp-json\/wp\/v2\/posts"}],"about":[{"href":"https:\/\/www.area-press.eu\/comunicatistampa\/wp-json\/wp\/v2\/types\/post"}],"author":[{"embeddable":true,"href":"https:\/\/www.area-press.eu\/comunicatistampa\/wp-json\/wp\/v2\/users\/3553"}],"replies":[{"embeddable":true,"href":"https:\/\/www.area-press.eu\/comunicatistampa\/wp-json\/wp\/v2\/comments?post=14283"}],"version-history":[{"count":1,"href":"https:\/\/www.area-press.eu\/comunicatistampa\/wp-json\/wp\/v2\/posts\/14283\/revisions"}],"predecessor-version":[{"id":14284,"href":"https:\/\/www.area-press.eu\/comunicatistampa\/wp-json\/wp\/v2\/posts\/14283\/revisions\/14284"}],"wp:attachment":[{"href":"https:\/\/www.area-press.eu\/comunicatistampa\/wp-json\/wp\/v2\/media?parent=14283"}],"wp:term":[{"taxonomy":"category","embeddable":true,"href":"https:\/\/www.area-press.eu\/comunicatistampa\/wp-json\/wp\/v2\/categories?post=14283"},{"taxonomy":"post_tag","embeddable":true,"href":"https:\/\/www.area-press.eu\/comunicatistampa\/wp-json\/wp\/v2\/tags?post=14283"}],"curies":[{"name":"wp","href":"https:\/\/api.w.org\/{rel}","templated":true}]}}