{"id":14273,"date":"2016-11-22T12:51:47","date_gmt":"2016-11-22T11:51:47","guid":{"rendered":"http:\/\/www.area-press.eu\/comunicatistampa\/?p=14273"},"modified":"2016-11-22T12:51:47","modified_gmt":"2016-11-22T11:51:47","slug":"creare-un-sito-o-un-blog-in-wordpress-meglio-le-pagine-o-i-post","status":"publish","type":"post","link":"https:\/\/www.area-press.eu\/comunicatistampa\/2016\/11\/22\/creare-un-sito-o-un-blog-in-wordpress-meglio-le-pagine-o-i-post\/","title":{"rendered":"Creare un sito o un blog in WordPress: meglio le pagine o i post?"},"content":{"rendered":"<p>Spesso i <strong>principianti WordPress<\/strong> fanno confusione tra post e pagine e in questo articolo vogliamo proprio andare a chiarire la differenza tra queste due impostazioni predefinite di contenuti. Effettivamente, un principiante potrebbe essere confuso da questa doppia scelta in considerazione del fatto che sembrano esserci campi simili in fase di realizzazione del testo e che sia le pagine che i post hanno lo stesso aspetto una volta online. Perch\u00e9 si pu\u00f2 aver bisogno di entrambe le cose? Quando conviene usare i post e quando le pagine?<\/p>\n<h2>Quando usare i post<\/h2>\n<p>Se si utilizza <strong>WordPress come un blog,<\/strong> la miglior soluzione \u00e8 quella di usare i post per la maggior parte dei contenuti. I post sono, infatti, dei testi elencati in ordine cronologico inverso sulla home page del sito web. Grazie proprio all\u2019ordine cronologico inverso, i post scompaiono dalla home page mano a mano che se ne scrivono altri. Molto comoda \u00e8 la funzione di archiviazione dei testi, per categoria, per tag o per data.\u00a0Dato che i post di <strong>WordPress<\/strong> sono pubblicati con una certa ora e data, essi sono inclusi nei feed RSS, che permettono ai lettori di essere avvisati degli aggiornamenti pi\u00f9 recenti.<\/p>\n<h2>Quando usare le pagine<\/h2>\n<p>Le pagine sono destinate ad essere statiche, testi &#8220;una tantum&#8221; come la pagina chi siamo, servizi, la privacy policy, le note legali, ecc. Generalmente vengono usate per <a href=\"https:\/\/sos-wp.it\/creare-un-sito-web\/\">creare un sito web<\/a> e non un blog. Mentre il database di WordPress memorizza la data di pubblicazione della pagina, in realt\u00e0 questi contenuti sono delle \u201centit\u00e0\u201d senza tempo \/ Pagine sempre valide. Per questo motivo, in generale non dovrebbero essere incluse nel proprio feed RSS.\u00a0A differenza dei post, <strong>le pagine sono gerarchiche<\/strong> ed \u00e8 possibile avere delle sottopagine all&#8217;interno di una pagina. Se, ad esempio, si ha una pagina che parla di Apple, una buona sottopagina sarebbe iPhone, un\u2019altra iPad e cos\u00ec via.<\/p>\n<p>WordPress di default \u00e8 dotato di una funzione che consente di creare modelli di pagina personalizzati per il tema che si usa. Questo permette agli sviluppatori di personalizzare l&#8217;aspetto di ogni pagina, se necessario. Nella maggior parte dei temi, post e pagine hanno lo stesso aspetto, ma volendo \u00e8 possibile personalizzare una landing page, o una pagina nella galleria e cos\u00ec via.<\/p>\n<h2>Post vs. pagine, c\u2019\u00e8 differenza in termini di rendimento<\/h2>\n<p>Nella scelta di un progetto WordPress, spesso ci si sofferma a ragionare se per quello che si ha in mente \u00e8 meglio scrivere post o pagine.\u00a0In linea generale, possiamo dire che i motori di ricerca considerano i contenuti \u201csenza tempo\u201d, quindi le pagine, molto importanti, anche se in alcuni settori la priorit\u00e0 e la freschezza dei testi \u00e8 fondamentale.\u00a0Alla fine dei conti, quale che sia la scelta che si decide di fare, <strong>ci\u00f2 che conta di pi\u00f9 \u00e8 la qualit\u00e0 di quello che si scrive<\/strong> e <strong>l\u2019organizzazione<\/strong> dei contenuti nel sito. A tal proposito, riteniamo che la scelta dovrebbe cadere sulla tipologia di testo che meglio permette di organizzare i propri testi, sia per l\u2019utente che per il motore di ricerca.<\/p>\n<p>Per ulteriori approfondimenti puoi consultare anche <a href=\"http:\/\/www.sos-wp.it\/\">www.sos-wp.it<\/a>, la risorsa numero in italia per creare blog e siti web in wordpress.<\/p>\n","protected":false},"excerpt":{"rendered":"<p>Spesso i principianti WordPress fanno confusione tra post e pagine e in questo articolo vogliamo proprio andare a chiarire la differenza tra queste due impostazioni predefinite di contenuti. Effettivamente, un principiante potrebbe essere confuso da questa doppia scelta in considerazione del fatto che sembrano esserci campi simili in fase di realizzazione del testo e che [&hellip;]<\/p>\n","protected":false},"author":11,"featured_media":0,"comment_status":"open","ping_status":"open","sticky":false,"template":"","format":"standard","meta":{"footnotes":""},"categories":[10],"tags":[9815],"class_list":["post-14273","post","type-post","status-publish","format-standard","hentry","category-informatica","tag-principianti-wordpress"],"_links":{"self":[{"href":"https:\/\/www.area-press.eu\/comunicatistampa\/wp-json\/wp\/v2\/posts\/14273","targetHints":{"allow":["GET"]}}],"collection":[{"href":"https:\/\/www.area-press.eu\/comunicatistampa\/wp-json\/wp\/v2\/posts"}],"about":[{"href":"https:\/\/www.area-press.eu\/comunicatistampa\/wp-json\/wp\/v2\/types\/post"}],"author":[{"embeddable":true,"href":"https:\/\/www.area-press.eu\/comunicatistampa\/wp-json\/wp\/v2\/users\/11"}],"replies":[{"embeddable":true,"href":"https:\/\/www.area-press.eu\/comunicatistampa\/wp-json\/wp\/v2\/comments?post=14273"}],"version-history":[{"count":1,"href":"https:\/\/www.area-press.eu\/comunicatistampa\/wp-json\/wp\/v2\/posts\/14273\/revisions"}],"predecessor-version":[{"id":14274,"href":"https:\/\/www.area-press.eu\/comunicatistampa\/wp-json\/wp\/v2\/posts\/14273\/revisions\/14274"}],"wp:attachment":[{"href":"https:\/\/www.area-press.eu\/comunicatistampa\/wp-json\/wp\/v2\/media?parent=14273"}],"wp:term":[{"taxonomy":"category","embeddable":true,"href":"https:\/\/www.area-press.eu\/comunicatistampa\/wp-json\/wp\/v2\/categories?post=14273"},{"taxonomy":"post_tag","embeddable":true,"href":"https:\/\/www.area-press.eu\/comunicatistampa\/wp-json\/wp\/v2\/tags?post=14273"}],"curies":[{"name":"wp","href":"https:\/\/api.w.org\/{rel}","templated":true}]}}