{"id":14083,"date":"2016-11-15T22:13:51","date_gmt":"2016-11-15T21:13:51","guid":{"rendered":"http:\/\/www.area-press.eu\/comunicatistampa\/?p=14083"},"modified":"2016-11-15T22:13:51","modified_gmt":"2016-11-15T21:13:51","slug":"in-libreria-da-oggi-annasole-e-timo-per-bds-junior-leucotea","status":"publish","type":"post","link":"https:\/\/www.area-press.eu\/comunicatistampa\/2016\/11\/15\/in-libreria-da-oggi-annasole-e-timo-per-bds-junior-leucotea\/","title":{"rendered":"In libreria da oggi \u201cAnnaSole e Timo\u201d per BdS-Junior Leucotea."},"content":{"rendered":"<div id=\"yui_3_16_0_ym19_1_1479110271895_164584\"><\/div>\n<div id=\"yui_3_16_0_ym19_1_1479110271895_164582\"><span id=\"yui_3_16_0_ym19_1_1479110271895_164581\">Libro da colorare, diario di avventure, libro dei giochi: il tutto in un libricino agile e compatto illustrato dall\u2019imperiese Roberta Michetti<\/span><\/div>\n<div><\/div>\n<div id=\"yui_3_16_0_ym19_1_1479110271895_164405\">\u00ab<span id=\"yui_3_16_0_ym19_1_1479110271895_164404\">Una mattina Anna Sole si \u00e8 svegliata e ha visto un ricciolo di coda sbucare dal comodino. Ha aperto subito il cassetto e fra calzini e mutandine ha trovato Timo. Che sorpresa! AnnaSole e Timo \u00e8 la storia di un&#8217;amicizia fantastica. \u00c8 un libro gioco da colorare, con multi attivit\u00e0 da scoprire e portare sempre con s\u00e9!<\/span>\u00bb<\/div>\n<div id=\"yui_3_16_0_ym19_1_1479110271895_164412\"><\/div>\n<div id=\"yui_3_16_0_ym19_1_1479110271895_164413\"><\/div>\n<div id=\"yui_3_16_0_ym19_1_1479110271895_164416\"><span id=\"yui_3_16_0_ym19_1_1479110271895_164415\">L\u2019autrice, Carlotta De Melas, vive a Sanremo dove scrive, gestisce una libreria per bambini e fa la moglie e la \u00a0mamma. Fin da piccola avrebbe voluto avere un amico come Timo e una casa \u00a0sull&#8217;albero. Ha avuto quaderni bellissimi da riempire con la fantasia. Cos\u00ec sono \u00a0nate le sue storie, tanti anni fa.<\/span><\/div>\n<div id=\"yui_3_16_0_ym19_1_1479110271895_164449\"><\/div>\n","protected":false},"excerpt":{"rendered":"<p>Libro da colorare, diario di avventure, libro dei giochi: il tutto in un libricino agile e compatto illustrato dall\u2019imperiese Roberta Michetti \u00abUna mattina Anna Sole si \u00e8 svegliata e ha visto un ricciolo di coda sbucare dal comodino. Ha aperto subito il cassetto e fra calzini e mutandine ha trovato Timo. Che sorpresa! AnnaSole e [&hellip;]<\/p>\n","protected":false},"author":45,"featured_media":0,"comment_status":"open","ping_status":"open","sticky":false,"template":"","format":"standard","meta":{"footnotes":""},"categories":[18,3,4,29,8],"tags":[9729,851,9733,9732,579,5279,5280,5814,4877,9731,9728,9730],"class_list":["post-14083","post","type-post","status-publish","format-standard","hentry","category-altri-vari","category-arte-e-cultura","category-attualita-e-societa","category-comunicati","category-eventi","tag-annasole","tag-bambini","tag-colori","tag-editoria-per-bambini","tag-edizioni-leucotea","tag-favola","tag-favole","tag-giochi","tag-infanzia","tag-ippopotamo","tag-libir-per-bamini","tag-timo"],"_links":{"self":[{"href":"https:\/\/www.area-press.eu\/comunicatistampa\/wp-json\/wp\/v2\/posts\/14083","targetHints":{"allow":["GET"]}}],"collection":[{"href":"https:\/\/www.area-press.eu\/comunicatistampa\/wp-json\/wp\/v2\/posts"}],"about":[{"href":"https:\/\/www.area-press.eu\/comunicatistampa\/wp-json\/wp\/v2\/types\/post"}],"author":[{"embeddable":true,"href":"https:\/\/www.area-press.eu\/comunicatistampa\/wp-json\/wp\/v2\/users\/45"}],"replies":[{"embeddable":true,"href":"https:\/\/www.area-press.eu\/comunicatistampa\/wp-json\/wp\/v2\/comments?post=14083"}],"version-history":[{"count":1,"href":"https:\/\/www.area-press.eu\/comunicatistampa\/wp-json\/wp\/v2\/posts\/14083\/revisions"}],"predecessor-version":[{"id":14084,"href":"https:\/\/www.area-press.eu\/comunicatistampa\/wp-json\/wp\/v2\/posts\/14083\/revisions\/14084"}],"wp:attachment":[{"href":"https:\/\/www.area-press.eu\/comunicatistampa\/wp-json\/wp\/v2\/media?parent=14083"}],"wp:term":[{"taxonomy":"category","embeddable":true,"href":"https:\/\/www.area-press.eu\/comunicatistampa\/wp-json\/wp\/v2\/categories?post=14083"},{"taxonomy":"post_tag","embeddable":true,"href":"https:\/\/www.area-press.eu\/comunicatistampa\/wp-json\/wp\/v2\/tags?post=14083"}],"curies":[{"name":"wp","href":"https:\/\/api.w.org\/{rel}","templated":true}]}}