{"id":13886,"date":"2016-11-09T22:42:15","date_gmt":"2016-11-09T21:42:15","guid":{"rendered":"http:\/\/www.area-press.eu\/comunicatistampa\/?p=13886"},"modified":"2016-11-09T22:42:15","modified_gmt":"2016-11-09T21:42:15","slug":"lautore-roberto-parisi","status":"publish","type":"post","link":"https:\/\/www.area-press.eu\/comunicatistampa\/2016\/11\/09\/lautore-roberto-parisi\/","title":{"rendered":"L&#8217;autore Roberto Parisi"},"content":{"rendered":"<p>Roberto Parisi \u00e8 un artista, un autore, nato a Roma nel 1968, ma visse la sua infanzia nella bella citt\u00e0 di Livorno. Ritornato nella Capitale frequent\u00f2 le scuole dell\u2019obbligo e dopo qualche anno fu assunto dal Comune di Roma, ove attualmente lavora. Da sempre ha avuto un amore verso la poesia, inizi\u00f2 a scrivere dei versi che furono apprezzati da amici e conoscenti, che lo incoraggiarono a proseguire in tale direzione, creando un mondo composto dalle sue emozioni sfociando nel teatro con delle sceneggiature inedite composte da monologhi musicali . Realizza tre provini completi iscritti alla S.I.A.E tratti dalle sue poesie, la passione verso la scrittura lo accompagna verso la sua passione : La musica. Attualmetne \u00e8 alla ricerca di artisti che possano interpretare al meglio le sue canzoni e sviluppare i suoi progetti . Hobby: nuoto, pesi e bicicletta\u2026 Info toldo08@yahoo.it Pagina fb https:\/\/www.facebook.com\/roberto.parisi.98?ref=ts&amp;fref=ts il sito http:\/\/bobboproduction.altervista.org\/<\/p>\n","protected":false},"excerpt":{"rendered":"<p>Roberto Parisi \u00e8 un artista, un autore, nato a Roma nel 1968, ma visse la sua infanzia nella bella citt\u00e0 di Livorno. Ritornato nella Capitale frequent\u00f2 le scuole dell\u2019obbligo e dopo qualche anno fu assunto dal Comune di Roma, ove attualmente lavora. Da sempre ha avuto un amore verso la poesia, inizi\u00f2 a scrivere dei [&hellip;]<\/p>\n","protected":false},"author":3501,"featured_media":0,"comment_status":"open","ping_status":"open","sticky":false,"template":"","format":"standard","meta":{"footnotes":""},"categories":[29],"tags":[],"class_list":["post-13886","post","type-post","status-publish","format-standard","hentry","category-comunicati"],"_links":{"self":[{"href":"https:\/\/www.area-press.eu\/comunicatistampa\/wp-json\/wp\/v2\/posts\/13886","targetHints":{"allow":["GET"]}}],"collection":[{"href":"https:\/\/www.area-press.eu\/comunicatistampa\/wp-json\/wp\/v2\/posts"}],"about":[{"href":"https:\/\/www.area-press.eu\/comunicatistampa\/wp-json\/wp\/v2\/types\/post"}],"author":[{"embeddable":true,"href":"https:\/\/www.area-press.eu\/comunicatistampa\/wp-json\/wp\/v2\/users\/3501"}],"replies":[{"embeddable":true,"href":"https:\/\/www.area-press.eu\/comunicatistampa\/wp-json\/wp\/v2\/comments?post=13886"}],"version-history":[{"count":1,"href":"https:\/\/www.area-press.eu\/comunicatistampa\/wp-json\/wp\/v2\/posts\/13886\/revisions"}],"predecessor-version":[{"id":13887,"href":"https:\/\/www.area-press.eu\/comunicatistampa\/wp-json\/wp\/v2\/posts\/13886\/revisions\/13887"}],"wp:attachment":[{"href":"https:\/\/www.area-press.eu\/comunicatistampa\/wp-json\/wp\/v2\/media?parent=13886"}],"wp:term":[{"taxonomy":"category","embeddable":true,"href":"https:\/\/www.area-press.eu\/comunicatistampa\/wp-json\/wp\/v2\/categories?post=13886"},{"taxonomy":"post_tag","embeddable":true,"href":"https:\/\/www.area-press.eu\/comunicatistampa\/wp-json\/wp\/v2\/tags?post=13886"}],"curies":[{"name":"wp","href":"https:\/\/api.w.org\/{rel}","templated":true}]}}