{"id":13868,"date":"2016-11-09T22:42:14","date_gmt":"2016-11-09T21:42:14","guid":{"rendered":"http:\/\/www.area-press.eu\/comunicatistampa\/?p=13868"},"modified":"2016-11-09T22:42:14","modified_gmt":"2016-11-09T21:42:14","slug":"giornata-mondiale-del-diabete-sabato-12-novembre-una-intera-giornata-di-informazione-e-sensibilizzazione-a-bologna","status":"publish","type":"post","link":"https:\/\/www.area-press.eu\/comunicatistampa\/2016\/11\/09\/giornata-mondiale-del-diabete-sabato-12-novembre-una-intera-giornata-di-informazione-e-sensibilizzazione-a-bologna\/","title":{"rendered":"GIORNATA MONDIALE DEL DIABETE  Sabato 12 novembre una intera giornata di informazione e sensibilizzazione a Bologna"},"content":{"rendered":"<p>La Giornata Mondiale del Diabete 2016 si celebra il 14 novembre, ma per tutta la settimana, fino \u00a0a domenica 13, sono previste iniziative all\u2019insegna della prevenzione.<\/p>\n<p>Nel mondo 415 milioni di persone adulte hanno il diabete, se ne stimano 640 milioni entro il 2040, uno su due non \u00e8 diagnosticato; lo screening \u00e8 fondamentale per garantire la diagnosi precoce e un adeguato trattamento necessario a ridurre il rischio di gravi complicazioni.<\/p>\n<p>In circa 500 citt\u00e0 d&#8217;Italia sono centinaia gli eventi organizzati da Associazioni di persone con diabete, medici, infermieri, altri professionisti sanitari e istituzioni.<\/p>\n<p>E Bologna naturalmente \u00e8 in prima linea: il <strong>centro Commerciale Vialarga<\/strong> e l\u2019&#8217;<strong>Associazione Dia.bo <\/strong>sostengono la \u00a0Giornata Mondiale del Diabete e propongono una giornata di informazione e sensibilizzazione su una patologia in veloce crescita nei Paesi avanzati, che pu\u00f2 essere prevenuta.<\/p>\n<p>Per farlo \u00e8 importante agire sulle proprie abitudini. Quali e come?<\/p>\n<p><strong>Sabato 12 novembre <\/strong><strong>dalle ore 10:00 alle 19:00 a Vialarga sar\u00e0 possibile incontrare medici e specialisti (dietisti, nutrizionisti, podologi, ecc..) ma anche infermieri e volontari, fare il test gratuito della glicemia, ricevere\u00a0 materiale informativo, ricette \u00a0e omaggi. Inoltre, sportello informativo sull\u2019alimentazione naturale in collaborazione con l\u2019Associazione Culturale Parco Giardini Margherita, e animazioni per bambini.<\/strong><\/p>\n<p>Il diabete \u00e8 una malattia in cui c\u2019\u00e8 aumento nel sangue dei livelli di glucosio (zucchero; la glicemia) per un deficit della quantit\u00e0 e, spesso, nell\u2019efficacia biologica dell\u2019insulina, l\u2019ormone che controlla la glicemia nel sangue e che viene prodotto dal pancreas.<\/p>\n<p>Il diabete di Tipo 2 \u00e8 la forma pi\u00f9 frequente di diabete, si manifesta generalmente dopo i 40 anni, soprattutto in persone sovrappeso\/obese ed in popolazioni particolarmente predisposte.<\/p>\n<p>La sua evoluzione \u00e8 lenta e priva di sintomi ma i segnali possono essere intercettati anche con dieci anni di anticipo.<\/p>\n<p>I dati diffusi dal rapporto dell\u2019osservatorio ARNO 2015 evidenziano come nel nostro Paese il 6,2 per cento delle persone ha il diabete, si tratta di circa 4 milioni di italiani. Oltre a questi c\u2019\u00e8 un altro milione di italiani che ha il diabete e non lo sa. La stima complessiva \u00e8 di circa l\u20198 per cento, tra noti e misconosciuti. Nei prossimi venti anni potremmo arrivare al 10 per cento. Gi\u00e0 oggi, considerando la popolazione tra i 65 e i 79 anni, la percentuale tra gli uomini \u00e8 superiore al 20 per cento.<\/p>\n<p>Come si pu\u00f2 intervenire? Innanzitutto educando i pi\u00f9 piccoli ad uno stile di vita sano, abituandoli a svolgere attivit\u00e0 fisica in modo regolare, nella quotidianit\u00e0.<\/p>\n<p>Bisogna combattere la sedentariet\u00e0, quindi puntare su una corretta alimentazione, preferendo i cibi semplici, a km zero, eliminando tutto ci\u00f2 che \u00e8 molto ricco di grassi, come ad esempio le merendine. Insieme al controllo del peso, all\u2019attivit\u00e0 fisica e a un\u2019alimentazione sana, dopo i 40 anni \u00e8 doveroso controllare la glicemia ogni 2-3 anni in rapporto al tipo di rischio.<\/p>\n<p>La prevenzione \u00e8 fondamentale, con un controllo periodico si evitano anche complicanze importanti che possono incidere sulla qualit\u00e0 della vita.<\/p>\n<p>Sabato 12\u00a0 novembre tante attivit\u00e0 per saperne di pi\u00f9, per acquisire informazioni preziose, fare il controllo gratuito della glicemia e magari diventare pi\u00f9 determinati nel modificare il nostro stile di vita, a vantaggio della nostra salute.<\/p>\n","protected":false},"excerpt":{"rendered":"<p>Sabato 12 novembre una intera giornata di informazione e sensibilizzazione<br \/>\ncon medici e specialisti promossa da<br \/>\ncentro commerciale Vialarga e Associazione Dia.bo &#8211; Diabetici Insieme a Bologna<br \/>\nper dare un contributo concreto alla prevenzione<\/p>\n","protected":false},"author":3395,"featured_media":0,"comment_status":"open","ping_status":"open","sticky":false,"template":"","format":"standard","meta":{"footnotes":""},"categories":[29],"tags":[],"class_list":["post-13868","post","type-post","status-publish","format-standard","hentry","category-comunicati"],"_links":{"self":[{"href":"https:\/\/www.area-press.eu\/comunicatistampa\/wp-json\/wp\/v2\/posts\/13868","targetHints":{"allow":["GET"]}}],"collection":[{"href":"https:\/\/www.area-press.eu\/comunicatistampa\/wp-json\/wp\/v2\/posts"}],"about":[{"href":"https:\/\/www.area-press.eu\/comunicatistampa\/wp-json\/wp\/v2\/types\/post"}],"author":[{"embeddable":true,"href":"https:\/\/www.area-press.eu\/comunicatistampa\/wp-json\/wp\/v2\/users\/3395"}],"replies":[{"embeddable":true,"href":"https:\/\/www.area-press.eu\/comunicatistampa\/wp-json\/wp\/v2\/comments?post=13868"}],"version-history":[{"count":1,"href":"https:\/\/www.area-press.eu\/comunicatistampa\/wp-json\/wp\/v2\/posts\/13868\/revisions"}],"predecessor-version":[{"id":13869,"href":"https:\/\/www.area-press.eu\/comunicatistampa\/wp-json\/wp\/v2\/posts\/13868\/revisions\/13869"}],"wp:attachment":[{"href":"https:\/\/www.area-press.eu\/comunicatistampa\/wp-json\/wp\/v2\/media?parent=13868"}],"wp:term":[{"taxonomy":"category","embeddable":true,"href":"https:\/\/www.area-press.eu\/comunicatistampa\/wp-json\/wp\/v2\/categories?post=13868"},{"taxonomy":"post_tag","embeddable":true,"href":"https:\/\/www.area-press.eu\/comunicatistampa\/wp-json\/wp\/v2\/tags?post=13868"}],"curies":[{"name":"wp","href":"https:\/\/api.w.org\/{rel}","templated":true}]}}