{"id":13854,"date":"2016-11-09T22:42:13","date_gmt":"2016-11-09T21:42:13","guid":{"rendered":"http:\/\/www.area-press.eu\/comunicatistampa\/?p=13854"},"modified":"2016-11-09T22:42:13","modified_gmt":"2016-11-09T21:42:13","slug":"da-oggi-in-libreria-rosso-gardenia-il-nuovo-romanzo-di-antonella-calvani-scrittrice-e-poetessa","status":"publish","type":"post","link":"https:\/\/www.area-press.eu\/comunicatistampa\/2016\/11\/09\/da-oggi-in-libreria-rosso-gardenia-il-nuovo-romanzo-di-antonella-calvani-scrittrice-e-poetessa\/","title":{"rendered":"Da oggi in libreria Rosso Gardenia, il nuovo romanzo di Antonella Calvani, scrittrice e poetessa"},"content":{"rendered":"<div id=\"yiv3150086139yui_3_16_0_ym19_1_1478515420426_169749\"><span id=\"yiv3150086139yui_3_16_0_ym19_1_1478515420426_169750\">Luca, giovane avvocato, si sta recando all\u2019appuntamento con Laura, sua compagna di liceo della quale \u00e8 sempre stato innamorato, che non vede da circa 10 anni. Mentre cammina sul Lungo Tevere un grosso ramo si stacca da un platano e lo colpisce. Il ragazzo entra in coma e varca la soglia dell\u2019aldil\u00e0. L\u00ec incontra Davide, un suo cugino, morto in un incidente quando aveva 13 anni. L\u2019incontro con Davide sar\u00e0 un balsamo per l\u2019anima di Luca, poich\u00e9 egli si sente ancora sopraffatto dal rimorso, nonostante il tempo trascorso, pensando di essere l\u2019unico responsabile della sorte funesta del cugino. Prima di lasciare il mondo ultraterreno Luca \u00e8 attratto da un fiore, \u00e8 una gardenia rossa, talmente bella che decide di coglierla per portarla con s\u00e9 a ricordo di quella notte meravigliosa in cui tutto diventa luce. Anche a Laura si manifesta l\u2019entit\u00e0 di Davide, il ragazzino le dona un fiore in sogno, \u00e8 la stessa gardenia rossa che ha colto Luca. I due giovani vivranno parallelamente un\u2019esperienza unica e ne usciranno pi\u00f9 consapevoli e fortificati.<\/span><\/div>\n<div id=\"yiv3150086139yui_3_16_0_ym19_1_1478515420426_169752\"><span id=\"yiv3150086139yui_3_16_0_ym19_1_1478515420426_169753\">Il fiore rosso rimarr\u00e0 tra loro a testimonianza della fusione di due anime.<\/span><\/div>\n<div id=\"yiv3150086139yui_3_16_0_ym19_1_1478515420426_169755\"><span id=\"yiv3150086139yui_3_16_0_ym19_1_1478515420426_169756\">Un viaggio attraverso la sofferenza che ci fa capire come dal dolore si pu\u00f2 rinascere e attingere nuova forza per ricominciare.<\/span><\/div>\n<div id=\"yiv3150086139yui_3_16_0_ym19_1_1478515420426_169758\"><span id=\"yiv3150086139yui_3_16_0_ym19_1_1478515420426_169759\">In fondo non \u00e8 che\u00a0 l\u2019amore il perno sul quale si muove il mondo.<\/span><\/div>\n<div id=\"yiv3150086139yui_3_16_0_ym19_1_1478515420426_169761\"><span id=\"yiv3150086139yui_3_16_0_ym19_1_1478515420426_169762\">\u00a0<\/span><\/div>\n<div id=\"yiv3150086139yui_3_16_0_ym19_1_1478515420426_169763\"><span id=\"yiv3150086139yui_3_16_0_ym19_1_1478515420426_169764\">\u00a0<\/span><\/div>\n<div id=\"yiv3150086139yui_3_16_0_ym19_1_1478515420426_169765\"><span id=\"yiv3150086139yui_3_16_0_ym19_1_1478515420426_169766\">Antonella Calvani nasce in Toscana e subito si trasferisce a Roma dove intraprende studi umanistici che lasciano in lei una vivida impronta neoclassica.<\/span><\/div>\n<div id=\"yiv3150086139yui_3_16_0_ym19_1_1478515420426_169768\"><span id=\"yiv3150086139yui_3_16_0_ym19_1_1478515420426_169769\">Si trasferisce a Tarquinia a met\u00e0 anni \u201980 e dal paesaggio cittadino scopre il gusto creativo per l\u2019azzurro del mare e l\u2019immensit\u00e0 dei tramonti.<\/span><\/div>\n<div id=\"yiv3150086139yui_3_16_0_ym19_1_1478515420426_169671\"><\/div>\n<div id=\"yiv3150086139yui_3_16_0_ym19_1_1478515420426_169771\" dir=\"ltr\"><span id=\"yiv3150086139yui_3_16_0_ym19_1_1478515420426_169772\">Affermata poetessa, questo \u00e8 il suo primo romanzo.<\/span><\/div>\n<div><\/div>\n","protected":false},"excerpt":{"rendered":"<p>Luca, giovane avvocato, si sta recando all\u2019appuntamento con Laura, sua compagna di liceo della quale \u00e8 sempre stato innamorato, che non vede da circa 10 anni. Mentre cammina sul Lungo Tevere un grosso ramo si stacca da un platano e lo colpisce. Il ragazzo entra in coma e varca la soglia dell\u2019aldil\u00e0. L\u00ec incontra Davide, [&hellip;]<\/p>\n","protected":false},"author":45,"featured_media":0,"comment_status":"open","ping_status":"open","sticky":false,"template":"","format":"standard","meta":{"footnotes":""},"categories":[18,3,4,29,8],"tags":[576,9617,9620,9619,579,9621,575,9618],"class_list":["post-13854","post","type-post","status-publish","format-standard","hentry","category-altri-vari","category-arte-e-cultura","category-attualita-e-societa","category-comunicati","category-eventi","tag-amore","tag-antonella-calvani","tag-colpa","tag-coscienza","tag-edizioni-leucotea","tag-riscatto","tag-romanzo","tag-rosso-gardienia"],"_links":{"self":[{"href":"https:\/\/www.area-press.eu\/comunicatistampa\/wp-json\/wp\/v2\/posts\/13854","targetHints":{"allow":["GET"]}}],"collection":[{"href":"https:\/\/www.area-press.eu\/comunicatistampa\/wp-json\/wp\/v2\/posts"}],"about":[{"href":"https:\/\/www.area-press.eu\/comunicatistampa\/wp-json\/wp\/v2\/types\/post"}],"author":[{"embeddable":true,"href":"https:\/\/www.area-press.eu\/comunicatistampa\/wp-json\/wp\/v2\/users\/45"}],"replies":[{"embeddable":true,"href":"https:\/\/www.area-press.eu\/comunicatistampa\/wp-json\/wp\/v2\/comments?post=13854"}],"version-history":[{"count":1,"href":"https:\/\/www.area-press.eu\/comunicatistampa\/wp-json\/wp\/v2\/posts\/13854\/revisions"}],"predecessor-version":[{"id":13855,"href":"https:\/\/www.area-press.eu\/comunicatistampa\/wp-json\/wp\/v2\/posts\/13854\/revisions\/13855"}],"wp:attachment":[{"href":"https:\/\/www.area-press.eu\/comunicatistampa\/wp-json\/wp\/v2\/media?parent=13854"}],"wp:term":[{"taxonomy":"category","embeddable":true,"href":"https:\/\/www.area-press.eu\/comunicatistampa\/wp-json\/wp\/v2\/categories?post=13854"},{"taxonomy":"post_tag","embeddable":true,"href":"https:\/\/www.area-press.eu\/comunicatistampa\/wp-json\/wp\/v2\/tags?post=13854"}],"curies":[{"name":"wp","href":"https:\/\/api.w.org\/{rel}","templated":true}]}}