{"id":13801,"date":"2016-11-07T13:32:14","date_gmt":"2016-11-07T12:32:14","guid":{"rendered":"http:\/\/www.area-press.eu\/comunicatistampa\/?p=13801"},"modified":"2016-11-07T13:32:14","modified_gmt":"2016-11-07T12:32:14","slug":"10-20-novembre-2016-scuola-grande-di-san-rocco-venezia","status":"publish","type":"post","link":"https:\/\/www.area-press.eu\/comunicatistampa\/2016\/11\/07\/10-20-novembre-2016-scuola-grande-di-san-rocco-venezia\/","title":{"rendered":"10-20 Novembre 2016 &#8211; Scuola Grande di San Rocco &#8211; Venezia"},"content":{"rendered":"<p>COMUNICATO STAMPA<\/p>\n<p>Le <strong>Sezioni di Venezia e Mestre dell\u2019Associazione Giovane Montagna<\/strong>, in occasione dei <strong>70 anni dalla fondazione<\/strong>, hanno l\u2019onore di ospitare a Venezia l\u2019Assemblea dei Delegati 2016 nei giorni <strong>12 e 13 novembre<\/strong> a conclusione del percorso di festeggiamenti di questo importante traguardo. I lavori si terranno nell\u2019<em>auditorium<\/em> gentilmente concesso dal <strong>Seminario Patriarcale. Sabato 12 alle ore 18.45 <\/strong>sar\u00e0 celebrata la Santa Messa nella vicina <strong>Basilica della Madonna della Salute, presieduta dal Patriarca di Venezia, Monsignor Francesco Moraglia<\/strong>. Sar\u00e0 presente il <strong>Coro Marmolada<\/strong>.<\/p>\n<p><strong>La Giovane Montagna d\u2019identit\u00e0 cristiana<\/strong>, nata nel 1914 come Associazione nazionale, intende promuovere la conoscenza della montagna, della cultura e delle pratiche a essa legate, della cura e conservazione dell\u2019ambiente montano e delle terre alte. Visti i grandi cambiamenti in essere, questa Assemblea vuole individuare <em>nuovi orientamenti <\/em>per gli anni futuri, infatti si devono sciogliere alcuni nodi per consegnare, analizzando il contesto associativo attuale in tutte le sue prerogative, una guida sicura all\u2019Associazione. Tutto il buono che maturer\u00e0 con l\u2019approvazione dell\u2019Assemblea dei Delegati, organo di vitale importanza, sar\u00e0 stimolo e materiale prezioso a disposizione di tutti i componenti la Giovane Montagna.<\/p>\n<p>L\u2019Associazione deve acquisire consapevolezza sulla <em>questione antropologica <\/em>che si riassume nelle seguenti peculiarit\u00e0: che valore diamo al nostro <em>far montagna<\/em>? \u00c9 solo evasione, consumo o anche crescita umana e spirituale? Riusciamo a distinguere la vera laicit\u00e0 degli spazi da improbabili laicit\u00e0 dei contenuti? Siamo in grado di accogliere chi bussa alle nostre sezioni senza pregiudizi? Le nostre sezioni hanno una visione aperta delle relazioni umane? Dialogano con analoghe realt\u00e0? Crediamo sia ancora attuale la nostra identit\u00e0 associativa?<\/p>\n<p>In funzione degli obiettivi condivisi, la <strong>sede di Venezia<\/strong> ha dato il totale appoggio a <strong>Conti Editore di Morgex<\/strong> per costruire la corretta sinergia con la <strong>Scuola Grande di San Rocco<\/strong>, monumentale sede dove sono custodite alcune tele del Tintoretto, che ospita dal <strong>10 al 20 novembre<\/strong> la <strong>mostra filatelica sulla tematica di montagna<\/strong> di <strong>Enea Fiorentini<\/strong>, socio attivo Giovane Montagna. I rari francobolli esposti fanno parte di una pubblicazione che l\u2019Autore e la casa editrice hanno voluto bilingue e che \u00e8 alla seconda edizione. Lo spirito che ha spinto l\u2019Autore a collezionare questi particolari francobolli e l\u2019apprezzamento della Conti Editore per la filosofia e i valori etici del rispetto della vita e della natura espressi nelle didascalie che legano la costruzione della raccolta della tematica filatelica a tutti gli aspetti che sono stati sottolineati nel libro dall\u2019Autore stesso, sposano pienamente i principi che ancora oggi reggono la <strong>Scuola Grande di San Rocco<\/strong> che, dimostrando grandi capacit\u00e0 di cambiamento, ha accettato di ospitare la mostra filatelica. I pi\u00f9 importanti francobolli della collezione sono stati esposti al Museo Nazionale della Montagna <em>Duca degli Abruzzi<\/em> a Torino (18\/10 \u2013 9\/11\/2014) nel Centenario della Fondazione della Giovane Montagna, ma a Venezia ci sono anche pezzi inediti. Le tematiche illustrate sono molteplici: geologia, geografia, cristallografia e antropologia, cio\u00e8 la vita dei primi abitatori (uomini, animali, vegetali) e la successiva colonizzazione umana del territorio montano. La parte sciistica contiene fogli che presentano importanti manifestazioni internazionali. Ci sono sezioni dedicate alle imprese alpinistiche, quelle dei club alpini\/associazioni, soprattutto giovanili, propedeutiche all\u2019avvicinamento dei ragazzi a questo mondo e altre, pi\u00f9 specifiche, che raccolgono gli esemplari pi\u00f9 rari per bellezza, cura nella scelta del bozzetto e qualit\u00e0 della stampa. Tutto \u00e8 corredato da francobolli che contengono errori filatelici curiosi e sconosciuti ai pi\u00f9. Questo progetto si propone anche di restituire popolarit\u00e0 al Francobollo, facendolo tornare custode di fantasie, sogni, desideri, attraverso un percorso di rispetto continuo verso la vita e la natura che ci circonda.<\/p>\n","protected":false},"excerpt":{"rendered":"<p>COMUNICATO STAMPA Le Sezioni di Venezia e Mestre dell\u2019Associazione Giovane Montagna, in occasione dei 70 anni dalla fondazione, hanno l\u2019onore di ospitare a Venezia l\u2019Assemblea dei Delegati 2016 nei giorni 12 e 13 novembre a conclusione del percorso di festeggiamenti di questo importante traguardo. I lavori si terranno nell\u2019auditorium gentilmente concesso dal Seminario Patriarcale. Sabato [&hellip;]<\/p>\n","protected":false},"author":3380,"featured_media":0,"comment_status":"open","ping_status":"open","sticky":false,"template":"","format":"standard","meta":{"footnotes":""},"categories":[3,8],"tags":[],"class_list":["post-13801","post","type-post","status-publish","format-standard","hentry","category-arte-e-cultura","category-eventi"],"_links":{"self":[{"href":"https:\/\/www.area-press.eu\/comunicatistampa\/wp-json\/wp\/v2\/posts\/13801","targetHints":{"allow":["GET"]}}],"collection":[{"href":"https:\/\/www.area-press.eu\/comunicatistampa\/wp-json\/wp\/v2\/posts"}],"about":[{"href":"https:\/\/www.area-press.eu\/comunicatistampa\/wp-json\/wp\/v2\/types\/post"}],"author":[{"embeddable":true,"href":"https:\/\/www.area-press.eu\/comunicatistampa\/wp-json\/wp\/v2\/users\/3380"}],"replies":[{"embeddable":true,"href":"https:\/\/www.area-press.eu\/comunicatistampa\/wp-json\/wp\/v2\/comments?post=13801"}],"version-history":[{"count":1,"href":"https:\/\/www.area-press.eu\/comunicatistampa\/wp-json\/wp\/v2\/posts\/13801\/revisions"}],"predecessor-version":[{"id":13802,"href":"https:\/\/www.area-press.eu\/comunicatistampa\/wp-json\/wp\/v2\/posts\/13801\/revisions\/13802"}],"wp:attachment":[{"href":"https:\/\/www.area-press.eu\/comunicatistampa\/wp-json\/wp\/v2\/media?parent=13801"}],"wp:term":[{"taxonomy":"category","embeddable":true,"href":"https:\/\/www.area-press.eu\/comunicatistampa\/wp-json\/wp\/v2\/categories?post=13801"},{"taxonomy":"post_tag","embeddable":true,"href":"https:\/\/www.area-press.eu\/comunicatistampa\/wp-json\/wp\/v2\/tags?post=13801"}],"curies":[{"name":"wp","href":"https:\/\/api.w.org\/{rel}","templated":true}]}}