{"id":13741,"date":"2016-11-06T15:50:08","date_gmt":"2016-11-06T14:50:08","guid":{"rendered":"http:\/\/www.area-press.eu\/comunicatistampa\/?p=13741"},"modified":"2016-11-06T15:50:08","modified_gmt":"2016-11-06T14:50:08","slug":"sara-il-dominique-pifarely-quartet-ad-aprire-la-21a-edizione-di-parmajazz-frontiere-festival","status":"publish","type":"post","link":"https:\/\/www.area-press.eu\/comunicatistampa\/2016\/11\/06\/sara-il-dominique-pifarely-quartet-ad-aprire-la-21a-edizione-di-parmajazz-frontiere-festival\/","title":{"rendered":"Sar\u00e0 il Dominique Pifar\u00e9ly Quartet ad aprire la 21a edizione di ParmaJazz Frontiere Festival"},"content":{"rendered":"<p><span style=\"font-weight: 400\">6 novembre: prende l\u2019avvio questa 21a edizione di <\/span><b>ParmaJazz Frontiere Festival<\/b><span style=\"font-weight: 400\"> con un concerto del Dominique Pifar\u00e9ly Quartet. Sul palco della <\/span><b>Casa della Musica <\/b><span style=\"font-weight: 400\">di Parma (piazzale San Francesco 1, ore 18.00; intero 15,00\u20ac, ridotto 12,00\u20ac) saliranno <\/span><b>Dominique Pifar\u00e9ly<\/b><span style=\"font-weight: 400\">, violino, <\/span><b>Antonin Rayon<\/b><span style=\"font-weight: 400\"> (pianoforte), <\/span><b>Bruno Chevillon <\/b><span style=\"font-weight: 400\">(contrabasso) e <\/span><b>Fran\u00e7ois Merville<\/b><span style=\"font-weight: 400\"> (batteria) per proporre un intenso progetto giocato sull\u2019instabile quanto affascinante crinale fra improvvisazione e composizione e su un andamento febbrile, una ritmica da sogno e una grande leggibilit\u00e0 e godibilit\u00e0 dell\u2019insieme.<\/span><\/p>\n<p><span style=\"font-weight: 400\">Quattro compagni di viaggio i cui percorsi si sono incrociati dando luogo alla formazione e alla dimensione attuale e che insieme hanno dato voce ad un nuovo recente lavoro discografico per ECM.<\/span><\/p>\n<p><span style=\"font-weight: 400\">La dimensione esistenziale del musicista \u00e8 vissuta da Dominique Pifar\u00e9ly, in effetti, proprio alla stregua di un esploratore, impegnato in una ricerca intensa e trascinante, spinta da un\u2019indomita tensione alla scoperta del nuovo. Cos\u00ec si pu\u00f2 leggere la costante peregrinazione del violinista e compositore francese reiterata per tutta una carriera che ha annoverato le pi\u00f9 diverse collaborazioni, contribuendo a dare forma a progetti musicali segnati, pur nelle differenti declinazioni, dalla sua personalit\u00e0 creativa. Una caratteristica che si ritrova naturalmente anche in questo quartetto, i cui componenti rappresentano compagni di viaggi passati i cui tragitti si sono incrociati, sovrapposti oppure si sono disegnati in parallelo, in un intreccio di esperienze che ha trovato in questa formazione la dimensione attuale. Uno dei frutti pi\u00f9 significativi di questa realt\u00e0 strumentale \u00e8 rappresentata dal recente lavoro discografico realizzato per la ECM di Manfred Eicher e titolato <\/span><i><span style=\"font-weight: 400\">Trac\u00e9 Provisoire<\/span><\/i><span style=\"font-weight: 400\">, dove lo stesso Pifar\u00e9ly accompagnato da Antonin Rayon al pianoforte, Bruno Chevillon al contrabbasso e Fran\u00e7ois Merville alla batteria, mette in pratica il suo istinto da esploratore coinvolgendo il suo gruppo in una serie di indagini sulla composizione musicale letta attraverso la sensibilit\u00e0 del violinista. Tasselli di un percorso che ritroviamo compiuto in brani come l\u2019iniziale &#8220;Le peuple Effac\u00e9 I\u201d, che ci introduce a un mondo che Pifar\u00e9ly con la grazia misurata di una delicata espressivit\u00e0, declinata poi in tutti i brani dell\u2019album coinvolgendo gli altri musicisti in un intrigante giuoco di variazioni, dove il contributo di ognuno diviene elemento integrante di un ensemble strumentale decisamente affiatato, ancorch\u00e9 segnato dalla incisiva personalit\u00e0 del violinista francese. Un mondo sonoro, quello espresso da questo quartetto, che va conosciuto ed indagato con sottile attenzione per scoprire \u2013 proprio come dei piccoli esploratori musicali \u2013 i preziosi equilibri racchiusi nei dialoghi di questi strumenti.<\/span><\/p>\n","protected":false},"excerpt":{"rendered":"<p>6 novembre: prende l\u2019avvio questa 21a edizione di ParmaJazz Frontiere Festival con un concerto del Dominique Pifar\u00e9ly Quartet. Sul palco della Casa della Musica di Parma (piazzale San Francesco 1, ore 18.00; intero 15,00\u20ac, ridotto 12,00\u20ac) saliranno Dominique Pifar\u00e9ly, violino, Antonin Rayon (pianoforte), Bruno Chevillon (contrabasso) e Fran\u00e7ois Merville (batteria) per proporre un intenso progetto [&hellip;]<\/p>\n","protected":false},"author":864,"featured_media":0,"comment_status":"open","ping_status":"open","sticky":false,"template":"","format":"standard","meta":{"footnotes":""},"categories":[12],"tags":[],"class_list":["post-13741","post","type-post","status-publish","format-standard","hentry","category-musica"],"_links":{"self":[{"href":"https:\/\/www.area-press.eu\/comunicatistampa\/wp-json\/wp\/v2\/posts\/13741","targetHints":{"allow":["GET"]}}],"collection":[{"href":"https:\/\/www.area-press.eu\/comunicatistampa\/wp-json\/wp\/v2\/posts"}],"about":[{"href":"https:\/\/www.area-press.eu\/comunicatistampa\/wp-json\/wp\/v2\/types\/post"}],"author":[{"embeddable":true,"href":"https:\/\/www.area-press.eu\/comunicatistampa\/wp-json\/wp\/v2\/users\/864"}],"replies":[{"embeddable":true,"href":"https:\/\/www.area-press.eu\/comunicatistampa\/wp-json\/wp\/v2\/comments?post=13741"}],"version-history":[{"count":1,"href":"https:\/\/www.area-press.eu\/comunicatistampa\/wp-json\/wp\/v2\/posts\/13741\/revisions"}],"predecessor-version":[{"id":13742,"href":"https:\/\/www.area-press.eu\/comunicatistampa\/wp-json\/wp\/v2\/posts\/13741\/revisions\/13742"}],"wp:attachment":[{"href":"https:\/\/www.area-press.eu\/comunicatistampa\/wp-json\/wp\/v2\/media?parent=13741"}],"wp:term":[{"taxonomy":"category","embeddable":true,"href":"https:\/\/www.area-press.eu\/comunicatistampa\/wp-json\/wp\/v2\/categories?post=13741"},{"taxonomy":"post_tag","embeddable":true,"href":"https:\/\/www.area-press.eu\/comunicatistampa\/wp-json\/wp\/v2\/tags?post=13741"}],"curies":[{"name":"wp","href":"https:\/\/api.w.org\/{rel}","templated":true}]}}