{"id":13596,"date":"2016-11-02T14:48:17","date_gmt":"2016-11-02T13:48:17","guid":{"rendered":"http:\/\/www.area-press.eu\/comunicatistampa\/?p=13596"},"modified":"2016-11-02T14:48:17","modified_gmt":"2016-11-02T13:48:17","slug":"romeni-moldavi-ed-italiani-pregano-insieme","status":"publish","type":"post","link":"https:\/\/www.area-press.eu\/comunicatistampa\/2016\/11\/02\/romeni-moldavi-ed-italiani-pregano-insieme\/","title":{"rendered":"ROMENI, MOLDAVI ED ITALIANI PREGANO INSIEME"},"content":{"rendered":"<p>Previsti 800 partecipanti ad Imola per il Congresso dei Testimoni di Geova di lingua romena dal tema: &#8220;Rafforziamo la nostra fede in Geova&#8221;<br \/>\nSabato 05 novembre 2016 i Testimoni di Geova di lingua romena trasferitisi in Italia si riuniranno nella loro Sala delle Assemblee di Imola in Via Giulio Pastore 8, per assistere al loro Congresso dal tema: &#8220;Rafforziamo la nostra fede in Geova&#8221;. Sono attesi delegati di lingua romena ed italiana provenienti dall&#8217;Emilia Romagna, Toscana e Marche.<br \/>\nIl programma inizier\u00e0 alle 9,30 e terminer\u00e0 alle 16,15.<br \/>\nQuesto congresso metter\u00e0 in risalto quanto sia importante manifestare nella propria vita la vera fede. Aiuter\u00e0 i partecipanti a comprendere come rafforzare la propria relazione con Dio e dimostrare con le nostre opere la fiducia che riponiamo nelle Sue promesse.<br \/>\nNella mattinata, emozionante sar\u00e0 il momento del battesimo che dar\u00e0 il benvenuto a coloro che hanno deciso di simboleggiare la propria dedicazione a Dio con l&#8217;immersione in acqua, ovvero il battesimo scritturale.<br \/>\nLe scene ed i diversi oratori che interverranno, metteranno in risalto lo scopo di questo programma di istruzione biblica. Infatti alle ore 13,30 \u00e8 atteso il discorso pubblico, pronunciato da Luigi Pellegrino, rappresentante dei Testimoni di Geova, dal tema: &#8220;La vera fede: Cos&#8217;\u00e8? Come possiamo manifestarla?&#8221;.<br \/>\nAd oggi i Testimoni di Geova sono pi\u00f9 di 8.000.0000 in quasi tutto il mondo e per questo congresso sar\u00e0 emozionante osservare come romeni, moldavi ed italiani saranno seduti l&#8217;uno accanto all&#8217;altro in un&#8217;atmosfera di fratellanza a prescindere dalla loro nazionalit\u00e0, razza, ceto o cultura. Di notevole interesse \u00e8 anche il sito ufficiale dei Testimoni di Geova, JW.ORG, oggi disponibile in pi\u00f9 di 600 lingue e dove \u00e8 possibile scaricare gratuitamente pubblicazioni in ben 750 lingue.<br \/>\nPer questo Congresso siete caldamente invitati a parteciparvi.<br \/>\nL&#8217;ingresso \u00e8 libero e non si fanno collette.<br \/>\nPer ulteriori informazioni contattare:<br \/>\nAntonio Giannini<br \/>\nTel. 349 8781775 @mail gianninistamparomena@gmail.com<br \/>\nTommaso Capparelli<br \/>\nTel. 320 6990127 @mail capparellistamparomena@gmail.com<\/p>\n","protected":false},"excerpt":{"rendered":"<p>Previsti 800 partecipanti ad Imola per il Congresso dei Testimoni di Geova di lingua romena dal tema: &#8220;Rafforziamo la nostra fede in Geova&#8221; Sabato 05 novembre 2016 i Testimoni di Geova di lingua romena trasferitisi in Italia si riuniranno nella loro Sala delle Assemblee di Imola in Via Giulio Pastore 8, per assistere al loro [&hellip;]<\/p>\n","protected":false},"author":3453,"featured_media":0,"comment_status":"open","ping_status":"open","sticky":false,"template":"","format":"standard","meta":{"footnotes":""},"categories":[29],"tags":[],"class_list":["post-13596","post","type-post","status-publish","format-standard","hentry","category-comunicati"],"_links":{"self":[{"href":"https:\/\/www.area-press.eu\/comunicatistampa\/wp-json\/wp\/v2\/posts\/13596","targetHints":{"allow":["GET"]}}],"collection":[{"href":"https:\/\/www.area-press.eu\/comunicatistampa\/wp-json\/wp\/v2\/posts"}],"about":[{"href":"https:\/\/www.area-press.eu\/comunicatistampa\/wp-json\/wp\/v2\/types\/post"}],"author":[{"embeddable":true,"href":"https:\/\/www.area-press.eu\/comunicatistampa\/wp-json\/wp\/v2\/users\/3453"}],"replies":[{"embeddable":true,"href":"https:\/\/www.area-press.eu\/comunicatistampa\/wp-json\/wp\/v2\/comments?post=13596"}],"version-history":[{"count":2,"href":"https:\/\/www.area-press.eu\/comunicatistampa\/wp-json\/wp\/v2\/posts\/13596\/revisions"}],"predecessor-version":[{"id":13599,"href":"https:\/\/www.area-press.eu\/comunicatistampa\/wp-json\/wp\/v2\/posts\/13596\/revisions\/13599"}],"wp:attachment":[{"href":"https:\/\/www.area-press.eu\/comunicatistampa\/wp-json\/wp\/v2\/media?parent=13596"}],"wp:term":[{"taxonomy":"category","embeddable":true,"href":"https:\/\/www.area-press.eu\/comunicatistampa\/wp-json\/wp\/v2\/categories?post=13596"},{"taxonomy":"post_tag","embeddable":true,"href":"https:\/\/www.area-press.eu\/comunicatistampa\/wp-json\/wp\/v2\/tags?post=13596"}],"curies":[{"name":"wp","href":"https:\/\/api.w.org\/{rel}","templated":true}]}}