{"id":13537,"date":"2016-11-01T04:17:51","date_gmt":"2016-11-01T03:17:51","guid":{"rendered":"http:\/\/www.area-press.eu\/comunicatistampa\/?p=13537"},"modified":"2016-11-01T04:17:51","modified_gmt":"2016-11-01T03:17:51","slug":"venerdi-4-e-sabato-5-novembre-al-centro-commerciale-vialarga-a-bologna-fiera-regionale-students-lab","status":"publish","type":"post","link":"https:\/\/www.area-press.eu\/comunicatistampa\/2016\/11\/01\/venerdi-4-e-sabato-5-novembre-al-centro-commerciale-vialarga-a-bologna-fiera-regionale-students-lab\/","title":{"rendered":"VENERD\u00cc 4 E SABATO 5 NOVEMBRE  AL CENTRO COMMERCIALE VIALARGA A BOLOGNA  FIERA REGIONALE STUDENTS LAB"},"content":{"rendered":"<p>&nbsp;<\/p>\n<p>La scuola incontra il mondo del lavoro, per promuovere una nuova cultura manageriale e diffondere la pratica dell\u2019innovazione. \u00c8 ci\u00f2 che sta accadendo anche a Bologna, come in tantissime altre citt\u00e0 italiane, grazie al progetto Students Lab, ideato per far incontrare studenti e imprenditori attraverso laboratori d\u2019impresa attivi in istituti superiori di ogni parte d\u2019Italia.<\/p>\n<p>I risultati ottenuti grazie a questo percorso dagli studenti degli istituti superiori di Bologna e dell\u2019Emilia Romagna saranno in mostra <strong>Venerd\u00ec 4 e Sabato 5 novembre\u00a0 <\/strong>all\u2019interno de la <strong>Fiera regionale Students Lab<\/strong>, ospitata dal <strong>centro commerciale Vialarga, <\/strong>Quartiere San Vitale, via Larga, Bologna.<\/p>\n<p>Dalle 10 alle 18 gli studenti degli istituti partecipanti presenteranno le <strong>idee imprenditoriali <\/strong>sviluppate nell\u2019ambito del proprio percorso curriculare sotto la supervisione dei tutor Students Lab e con il supporto dei propri docenti.<\/p>\n<p>Esponenti delle istituzioni e manager di aziende del territorio valuteranno le idee dei giovani imprenditori e decreteranno i vincitori, cio\u00e8 coloro che si guadagnano l\u2019accesso alla fase nazionale della competizione.<\/p>\n<p>Gli studenti hanno attivato tre tipologie di laboratorio: <strong><em>.biz<\/em><\/strong>, laboratori d&#8217;impresa: prevede la creazione di vere e proprie imprese, con <em>business idea<\/em>, capitale e cariche sociali; .<strong><em>com<\/em><\/strong>, laboratori di comunicazione: gli studenti si costituiscono in agenzia di comunicazione per le aziende partner; <strong><em>.tech<\/em><\/strong>, laboratori di innovazione tecnologica: dedicati alla creazione di prodotti ad alto contenuto tecnologico e\/o improntati al risparmio energetico.<\/p>\n<p>I ragazzi si confrontano e si misurano con il mondo dell\u2019impresa: un modo per contribuire a ridurre il divario tra formazione e lavoro e quindi allo sviluppo socio-economico del territorio.<\/p>\n<p><em>\u00c8 una grande soddisfazione per noi <\/em>\u2013 spiega il Direttore di Vialarga Gianfranco Luce \u2013<em>ospitare anche quest\u2019anno la Fiera Regionale Student Lab. Solo mettendo in comunicazione costante la scuola e le imprese \u00e8 possibile favorire lo sviluppo e creare nuove opportunit\u00e0 per i ragazzi e per tutta la comunit\u00e0. Venerd\u00ec e sabato la nostra galleria sar\u00e0 invasa da tantissimi studenti, giovani pieni di idee e di entusiasmo, che testimoniano il valore e l\u2019importanza dell\u2019innovazione.<\/em><\/p>\n<p>Queste le scuole aderenti all\u2019evento: ITC <em>R. Luxemburg<\/em>, ITC <em>E. Mattei<\/em>, Liceo Classico <em>L. Galvani<\/em>, Liceo Scientifico <em>A. Tassoni<\/em>, IT <em>V. Bachelet<\/em>, Liceo Scientifico <em>A. Roiti<\/em>,\u00a0 IT <em>Saffi\/Alberti<\/em>, Liceo Scientifico <em>A. Einstein.<\/em><\/p>\n","protected":false},"excerpt":{"rendered":"<p>RASSEGNA DELLE MIGLIORI IDEE DEGLI STUDENTI DEGLI ISTITUTI SUPERIORI DI BOLOGNA<br \/>\nE DI ALTRE PROVINCE DELL\u2019EMILIA ROMAGNA<\/p>\n<p>Gara tra nuove idee imprenditoriali sviluppate dai ragazzi nell\u2019ambito del progetto nazionale Students Lab per la selezione alla competizione nazionale<\/p>\n","protected":false},"author":3395,"featured_media":0,"comment_status":"open","ping_status":"open","sticky":false,"template":"","format":"standard","meta":{"footnotes":""},"categories":[29],"tags":[],"class_list":["post-13537","post","type-post","status-publish","format-standard","hentry","category-comunicati"],"_links":{"self":[{"href":"https:\/\/www.area-press.eu\/comunicatistampa\/wp-json\/wp\/v2\/posts\/13537","targetHints":{"allow":["GET"]}}],"collection":[{"href":"https:\/\/www.area-press.eu\/comunicatistampa\/wp-json\/wp\/v2\/posts"}],"about":[{"href":"https:\/\/www.area-press.eu\/comunicatistampa\/wp-json\/wp\/v2\/types\/post"}],"author":[{"embeddable":true,"href":"https:\/\/www.area-press.eu\/comunicatistampa\/wp-json\/wp\/v2\/users\/3395"}],"replies":[{"embeddable":true,"href":"https:\/\/www.area-press.eu\/comunicatistampa\/wp-json\/wp\/v2\/comments?post=13537"}],"version-history":[{"count":1,"href":"https:\/\/www.area-press.eu\/comunicatistampa\/wp-json\/wp\/v2\/posts\/13537\/revisions"}],"predecessor-version":[{"id":13538,"href":"https:\/\/www.area-press.eu\/comunicatistampa\/wp-json\/wp\/v2\/posts\/13537\/revisions\/13538"}],"wp:attachment":[{"href":"https:\/\/www.area-press.eu\/comunicatistampa\/wp-json\/wp\/v2\/media?parent=13537"}],"wp:term":[{"taxonomy":"category","embeddable":true,"href":"https:\/\/www.area-press.eu\/comunicatistampa\/wp-json\/wp\/v2\/categories?post=13537"},{"taxonomy":"post_tag","embeddable":true,"href":"https:\/\/www.area-press.eu\/comunicatistampa\/wp-json\/wp\/v2\/tags?post=13537"}],"curies":[{"name":"wp","href":"https:\/\/api.w.org\/{rel}","templated":true}]}}