{"id":13167,"date":"2016-10-18T18:45:23","date_gmt":"2016-10-18T16:45:23","guid":{"rendered":"http:\/\/www.area-press.eu\/comunicatistampa\/?p=13167"},"modified":"2016-10-18T18:45:23","modified_gmt":"2016-10-18T16:45:23","slug":"menzione-e-critica-dellartista-sakina-al-azami-testo-di-jom-adam","status":"publish","type":"post","link":"https:\/\/www.area-press.eu\/comunicatistampa\/2016\/10\/18\/menzione-e-critica-dellartista-sakina-al-azami-testo-di-jom-adam\/","title":{"rendered":"Menzione e Critica dell&#8217;Artista Sakina Al Azami testo di Jom Adam"},"content":{"rendered":"<p>Menzione e Critica dell&#8217;Artista Sakina Al Azami testo di Jom Adam<br \/>\nGli ostacoli non hanno difficolt\u00e0 di propagarsi perch\u00e8 sono naturali, perch\u00e8 hanno una certa sinergia con il genere umano.Le risoluzioni, altrettanto, nascono come risposte automatiche e naturali alle difficolt\u00e0, come la necessit\u00e0 di coesistere alle difficolt\u00e0, come realt\u00e0 non troppo parallele, ma insite agli scopi dell &#8216; uomo. Allora la musica travolgente di Sakina, si conforma saldamente sulle nostre coscienze. Le alterit\u00e0 vocali di questa grande artista, ci donano un senso bionico di una disciplina di vita travolgente e prorompente di un &#8220;pathos&#8221; unico nel suo genere. Sakina, ci regala passato, futuro e riflessione, Sakina, ci propone una melodia contemplativa che, alla luce e al buio della notte, inviter\u00e0 l&#8217;uomo al proposito del suo, o, dei suoi umani perch\u00e8, cos\u00ec, alle sue altrettanto auspicabili umane risposte. Una vocalit\u00e0 non metodica, non prevedibile, che si sposa nell&#8217;ordine non naturale delle cose, cos\u00ec, come il principio aleatorio del vissuto delle nostre esistenze. Come una montagna russa, Sakina, emozioni in salita e, in discesa godendo la tua stupenda e rassicurante &#8220;Vocalit\u00e0&#8221; , per tornare ad essere ci\u00f2 che eravamo, -&#8220;Coloro che mai propriamente arrivati vogliono tornare indietro e vivere il Tuo pathos, la tua vocalit\u00e0 in una vita in salita e in discesa, da vivere tra le note e con l&#8217;enfasi di scalare la montagna russa dell&#8217;io&#8221;.<\/p>\n<p>Per Contatti:<\/p>\n<p>SITO WEB <a href=\"http:\/\/sakinaalazami.com\">http:\/\/sakinaalazami.com<\/a><br \/>\nFACEBOOK <a href=\"http:\/\/bit.ly\/2c62pXb\" target=\"_blank\" rel=\"nofollow\">http:\/\/bit.ly\/2c62pXb<\/a><br \/>\nTWITTER <a href=\"http:\/\/bit.ly\/2chHVdI\" target=\"_blank\" rel=\"nofollow\">http:\/\/bit.ly\/2chHVdI<\/a><br \/>\nYOUTUBE http:\/\/bit.ly\/2ck3OGY<br \/>\nINSTAGRAM http:\/\/bit.ly\/2cCDt7M<span class=\"text_exposed_show\"><br \/>\nPINTEREST http:\/\/bit.ly\/2cNysOz<br \/>\nGOOGLE+ http:\/\/bit.ly\/2cf95Qo<br \/>\nLINKEDIN http:\/\/bit.ly\/2cfdsMO<br \/>\nMAIL sakinaalazami@hotmail.it<\/span><\/p>\n","protected":false},"excerpt":{"rendered":"<p>Menzione e Critica dell&#8217;Artista Sakina Al Azami testo di Jom Adam Gli ostacoli non hanno difficolt\u00e0 di propagarsi perch\u00e8 sono naturali, perch\u00e8 hanno una certa sinergia con il genere umano.Le risoluzioni, altrettanto, nascono come risposte automatiche e naturali alle difficolt\u00e0, come la necessit\u00e0 di coesistere alle difficolt\u00e0, come realt\u00e0 non troppo parallele, ma insite agli [&hellip;]<\/p>\n","protected":false},"author":3394,"featured_media":0,"comment_status":"open","ping_status":"open","sticky":false,"template":"","format":"standard","meta":{"footnotes":""},"categories":[29],"tags":[],"class_list":["post-13167","post","type-post","status-publish","format-standard","hentry","category-comunicati"],"_links":{"self":[{"href":"https:\/\/www.area-press.eu\/comunicatistampa\/wp-json\/wp\/v2\/posts\/13167","targetHints":{"allow":["GET"]}}],"collection":[{"href":"https:\/\/www.area-press.eu\/comunicatistampa\/wp-json\/wp\/v2\/posts"}],"about":[{"href":"https:\/\/www.area-press.eu\/comunicatistampa\/wp-json\/wp\/v2\/types\/post"}],"author":[{"embeddable":true,"href":"https:\/\/www.area-press.eu\/comunicatistampa\/wp-json\/wp\/v2\/users\/3394"}],"replies":[{"embeddable":true,"href":"https:\/\/www.area-press.eu\/comunicatistampa\/wp-json\/wp\/v2\/comments?post=13167"}],"version-history":[{"count":3,"href":"https:\/\/www.area-press.eu\/comunicatistampa\/wp-json\/wp\/v2\/posts\/13167\/revisions"}],"predecessor-version":[{"id":13173,"href":"https:\/\/www.area-press.eu\/comunicatistampa\/wp-json\/wp\/v2\/posts\/13167\/revisions\/13173"}],"wp:attachment":[{"href":"https:\/\/www.area-press.eu\/comunicatistampa\/wp-json\/wp\/v2\/media?parent=13167"}],"wp:term":[{"taxonomy":"category","embeddable":true,"href":"https:\/\/www.area-press.eu\/comunicatistampa\/wp-json\/wp\/v2\/categories?post=13167"},{"taxonomy":"post_tag","embeddable":true,"href":"https:\/\/www.area-press.eu\/comunicatistampa\/wp-json\/wp\/v2\/tags?post=13167"}],"curies":[{"name":"wp","href":"https:\/\/api.w.org\/{rel}","templated":true}]}}