{"id":12997,"date":"2016-10-13T09:03:32","date_gmt":"2016-10-13T07:03:32","guid":{"rendered":"http:\/\/www.area-press.eu\/comunicatistampa\/?p=12997"},"modified":"2016-10-13T09:03:32","modified_gmt":"2016-10-13T07:03:32","slug":"casarotto-allappennino-reggiano-in-ottica-2017","status":"publish","type":"post","link":"https:\/\/www.area-press.eu\/comunicatistampa\/2016\/10\/13\/casarotto-allappennino-reggiano-in-ottica-2017\/","title":{"rendered":"CASAROTTO ALL&#8217;APPENNINO REGGIANO IN OTTICA 2017"},"content":{"rendered":"<h1>Il pilota vicentino non perde tempo e sta gi\u00e0 pianificando, assieme alla scuderia Movisport, la prossima stagione a partire dal rinato appuntamento emiliano.<\/h1>\n<p><strong>Villaverla (Vi), 11 Ottobre 2016<\/strong> \u2013 L&#8217;avventura di Andrea Casarotto nell&#8217;International Rally Cup Pirelli 2016 non ha soddisfatto le aspettative, nate da una stagione 2015 vincente, ma il desiderio di riscatto preme ed ecco che il pilota di Villaverla si prepara ad affrontare, nel prossimo weekend, il riesumato Rally dell&#8217;Appennino Reggiano.<br \/>\nL&#8217;evento emiliano, tappa storica nel rallysmo italiano che conta, risorge dalle proprie ceneri grazie alla passione del Grassano Rally Team, capitanato da Alen Carbognani, che ha riacceso le luci su quelle strade solcate nel recente passato da big del panorama nazionale.<br \/>\nL&#8217;edizione numero trentasette dell&#8217;Appennino Reggiano, che partir\u00e0 quest&#8217;anno con validit\u00e0 nazionale, pone le basi per una rapida scalata ai vertici tricolori ed, infatti, si vocifera gi\u00e0 di un possibile inserimento nel calendario 2017 dell&#8217;IRC Cup, serie che ha visto Casarotto impegnato nelle ultime due stagioni.<\/p>\n<blockquote><p>\u201cSiamo molto contenti che un evento cos\u00ec blasonato torni alla ribalta\u201d \u2013 racconta Casarotto \u2013 \u201cperch\u00e8 su queste prove speciali si sono scritte pagine indimenticabili del rallysmo nazionale, specialmente quando su queste strade si battagliavano i protagonisti del Campionato Italiano Due Ruote Motrici sulla fine degli anni &#8217;90. Dopo la vittoria nel 2015 ci aspettavamo molto da questa annata ma purtroppo, per vari motivi, non abbiamo raccolto quanto nei nostri obiettivi. Saremo al via dell&#8217;Appennino Reggiano perch\u00e8, in realt\u00e0, stiamo gi\u00e0 pianificando il prossimo anno e, viste le voci che probabilmente vedranno l&#8217;inserimento di questa gara nell&#8217;International Rally Cup, ci potrebbe tornare molto utile in previsione futura.\u201d<\/p><\/blockquote>\n<p>Con un 2016 in dirittura d&#8217;arrivo, vissuto prevalentemente sulla Peugeot 208 di classe R2B del team Power Car Team di Munaretto, con la parentesi del casalingo Rallyday Citt\u00e0 di Schio al volante della Renault Clio gruppo A griffata Teknocar Gua Sport, per Casarotto giunge il momento dell&#8217;esordio su una nuova vettura: la Renault Clio R3 iscritta per i colori di Movisport.<br \/>\nNuovo mezzo, messo a disposizione dal team di Munaretto, e nuovo compagno di avvenura con Luca Guglielmetti che andr\u00e0 ad affiancare, nel ruolo di navigatore, il driver vicentino.<br \/>\nTre le prove speciali in programma dai nomi altisonanti: \u201cSan Polo\u201d (km 7,85), \u201cTrinit\u00e0\u201d (km 4,80) e \u201cBuvolo\u201d (km 14,20) si apprestano ad accogliere quasi un centinaio di concorrenti pronti a sfidarsi a partire dal primo pomeriggio di Sabato 15 Ottobre sino al calare del sole.<br \/>\nL&#8217;ultima tornata sui tre tratti cronometrati \u00e8 infatti prevista in notturna contribuendo ad aggiungere pepe su un ritorno tanto atteso.<\/p>\n<blockquote><p>\u201c\u00c8 tutto nuovo per me\u201d \u2013 aggiunge Casarotto \u2013 \u201cpartendo dalla gara e seguendo poi alla vettura ed al navigatore. Le speciali sono bellissime ed impegnative, sconnesse e con continui cambi di ritmo. Non \u00e8 la prima volta che corro in queste zone pertanto ho gi\u00e0 una idea di cosa andr\u00f2 ad affrontare assieme al mio nuovo coinquilino in abitacolo, Luca Guglielmetti. L&#8217;incognita pi\u00f9 grossa deriva dalla vettura, la Renault Clio R3, che non ho mai usato prima d&#8217;ora. Si tratta di un mezzo molto professionale e siamo consapevoli che non sar\u00e0 facile esprimersi ad alti livelli sin dai primi chilometri. Il nostro intento \u00e8 quello di macinare chilometri sulla Clio, sfruttando l&#8217;esperienza del Power Car Team di Munaretto, ed imparare quanto pi\u00f9 possibile in vista di una nuova stagione che ci potrebbe vedere impegnati anche qui a Reggio.\u201d<\/p><\/blockquote>\n","protected":false},"excerpt":{"rendered":"<p>Il pilota vicentino non perde tempo e sta gi\u00e0 pianificando, assieme alla scuderia Movisport, la prossima stagione a partire dal rinato appuntamento emiliano. Villaverla (Vi), 11 Ottobre 2016 \u2013 L&#8217;avventura di Andrea Casarotto nell&#8217;International Rally Cup Pirelli 2016 non ha soddisfatto le aspettative, nate da una stagione 2015 vincente, ma il desiderio di riscatto preme [&hellip;]<\/p>\n","protected":false},"author":37,"featured_media":0,"comment_status":"open","ping_status":"open","sticky":false,"template":"","format":"standard","meta":{"footnotes":""},"categories":[15],"tags":[530,535,6857,8452,6856,6855,9044,6053],"class_list":["post-12997","post","type-post","status-publish","format-standard","hentry","category-sport","tag-andrea-casarotto","tag-international-rally-cup","tag-irc-cup","tag-movisport","tag-munaretto","tag-power-car-team","tag-rally-appennino-reggiano","tag-renault-clio-r3"],"_links":{"self":[{"href":"https:\/\/www.area-press.eu\/comunicatistampa\/wp-json\/wp\/v2\/posts\/12997","targetHints":{"allow":["GET"]}}],"collection":[{"href":"https:\/\/www.area-press.eu\/comunicatistampa\/wp-json\/wp\/v2\/posts"}],"about":[{"href":"https:\/\/www.area-press.eu\/comunicatistampa\/wp-json\/wp\/v2\/types\/post"}],"author":[{"embeddable":true,"href":"https:\/\/www.area-press.eu\/comunicatistampa\/wp-json\/wp\/v2\/users\/37"}],"replies":[{"embeddable":true,"href":"https:\/\/www.area-press.eu\/comunicatistampa\/wp-json\/wp\/v2\/comments?post=12997"}],"version-history":[{"count":1,"href":"https:\/\/www.area-press.eu\/comunicatistampa\/wp-json\/wp\/v2\/posts\/12997\/revisions"}],"predecessor-version":[{"id":12999,"href":"https:\/\/www.area-press.eu\/comunicatistampa\/wp-json\/wp\/v2\/posts\/12997\/revisions\/12999"}],"wp:attachment":[{"href":"https:\/\/www.area-press.eu\/comunicatistampa\/wp-json\/wp\/v2\/media?parent=12997"}],"wp:term":[{"taxonomy":"category","embeddable":true,"href":"https:\/\/www.area-press.eu\/comunicatistampa\/wp-json\/wp\/v2\/categories?post=12997"},{"taxonomy":"post_tag","embeddable":true,"href":"https:\/\/www.area-press.eu\/comunicatistampa\/wp-json\/wp\/v2\/tags?post=12997"}],"curies":[{"name":"wp","href":"https:\/\/api.w.org\/{rel}","templated":true}]}}