{"id":12748,"date":"2016-08-03T21:08:41","date_gmt":"2016-08-03T19:08:41","guid":{"rendered":"http:\/\/www.area-press.eu\/comunicatistampa\/?p=12748"},"modified":"2016-08-03T21:08:41","modified_gmt":"2016-08-03T19:08:41","slug":"nel-regno-della-val-di-sole-marathon-trentino-mtb-sfoggia-la-prova-dei-single-track","status":"publish","type":"post","link":"https:\/\/www.area-press.eu\/comunicatistampa\/2016\/08\/03\/nel-regno-della-val-di-sole-marathon-trentino-mtb-sfoggia-la-prova-dei-single-track\/","title":{"rendered":"Nel regno della Val di Sole Marathon, Trentino MTB sfoggia la prova dei Single Track"},"content":{"rendered":"<p>\u201cVal di Sole Marathon\u201d domenica 28 agosto a Mal\u00e8 (TN), 5\u1d43 tappa di Trentino MTB<\/p>\n<p>Due percorsi: \u2018corto\u2019 di 40 km e 1500 metri di dislivello e \u2018marathon\u2019 di 61 km e 2700 metri di dislivello<\/p>\n<p>Iscrizioni a 35 euro fino al 20 agosto comprensive di un ricco pacco gara<\/p>\n<p>Nel weekend di Val di Sole Marathon e Mini anche l\u2019iniziativa Non Solo Casol\u00e9t<\/p>\n<p>&nbsp;<\/p>\n<p>&nbsp;<\/p>\n<p>La Val di Sole \u00e8 una terra trasudante storia e tradizione, in essa si insediarono i celti, cui seguirono i reti ed i romani, vi transitarono i franchi, vi dominarono i principi vescovi di Trento e poi gli austroungarici, nell\u2019800 vi nacquero i movimenti irredentisti. Nella prima guerra mondiale fu terra di frontiera, mentre in seguito alla seconda si acceler\u00f2 il fenomeno dell\u2019emigrazione. Una location tutta da scoprire questa valle del Trentino, con una consistente ricchezza di edifici rustici, forti, castelli, palazzi e chiese ove spesso sono conservati degli autentici \u201ctesori nascosti\u201d. Ma la Val di Sole, oltre agli spunti culturali, offre \u2018montagna\u2019 allo stato puro e scenari unici come i maestosi picchi dell\u2019Adamello, della Presanella e dell\u2019Ortles-Cevedale, ghiacciai, foreste, torrenti, malghe e antichi masi, sterrati e zone idilliache, lungo le quali domenica 28 agosto verr\u00e0 disputata la Val di Sole Marathon.<\/p>\n<p>Due i percorsi a disposizione dei bikers con partenza da Mal\u00e8, paese situato nella parte centrale della valle e rappresentante un punto di riferimento per l&#8217;intera economia e attivit\u00e0 della valle stessa: un \u2018corto\u2019 di 40 km e 1500 metri di dislivello ed un \u2018marathon\u2019 di 61 km e 2700 metri di dislivello, fra gli sterrati del Parco Naturale Adamello Brenta, la cui variet\u00e0 della flora e della vegetazione che si incontrano difficilmente trovano termini di paragone in altre zone dell&#8217;arco alpino.<\/p>\n<p>La quarta prova dello spettacolare challenge Trentino MTB sar\u00e0 all\u2019insegna delle strade forestali al cospetto delle Dolomiti di Brenta e di competitivi single track, come \u201cLa preda del p\u00e8\u201d o la \u201cDirettissima Mal\u00e8\u201d, preludio dell\u2019arco d\u2019arrivo. Un tratto cronometrato quest\u2019ultimo, considerato ai fini della graduatoria conclusiva come prova speciale in discesa. La quota di iscrizione per partecipare rimarr\u00e0 stabile a 35 euro fino al 20 agosto, comprensiva di un ricco pacco gara che comprende anche la possibilit\u00e0 per gli accompagnatori degli atleti di recarsi attraverso l\u2019utilizzo della telecabina Daolasa al Rifugio Orso Bruno, uno dei pi\u00f9 punti pi\u00f9 spettacolari dell\u2019itinerario di gara situato a 2150 metri.<\/p>\n<p>A coronare sia la Val di Sole Marathon che la Mini Marathon della giornata precedente ci penser\u00e0 la sesta edizione di Non Solo Casol\u00e9t, la festa che a Mal\u00e8 celebrer\u00e0 il Casol\u00e9t della Val di Sole nell&#8217;ambito di Vacanze di Gusto &#8211; Il Casol\u00e9t nella cucina solandra. La Val di Sole \u00e8 la patria del formaggio Casol\u00e9t, prodotto nei caseifici e nelle malghe locali, ecco dunque che in abbinamento al weekend della gara ci sar\u00e0 questa grande festa dedicata a questo tipico cacio di montagna a pasta cruda, tenera e a latte intero, tradizionale della Val di Sole. Gli allevatori solandri porteranno in piazza i loro animali, dando la possibilit\u00e0 a tutti di vedere la reale vita dell\u2019allevatore e coglierne la preziosa attivit\u00e0, in totale simbiosi con la montagna.<\/p>\n<p>Info: <a href=\"http:\/\/www.valdisolebikeland.com\/\">www.valdisolebikeland.com<\/a><\/p>\n<p>&nbsp;<\/p>\n","protected":false},"excerpt":{"rendered":"<p>\u201cVal di Sole Marathon\u201d domenica 28 agosto a Mal\u00e8 (TN), 5\u1d43 tappa di Trentino MTB Due percorsi: \u2018corto\u2019 di 40 km e 1500 metri di dislivello e \u2018marathon\u2019 di 61 km e 2700 metri di dislivello Iscrizioni a 35 euro fino al 20 agosto comprensive di un ricco pacco gara Nel weekend di Val di [&hellip;]<\/p>\n","protected":false},"author":15,"featured_media":0,"comment_status":"open","ping_status":"open","sticky":false,"template":"","format":"standard","meta":{"footnotes":""},"categories":[15],"tags":[],"class_list":["post-12748","post","type-post","status-publish","format-standard","hentry","category-sport"],"_links":{"self":[{"href":"https:\/\/www.area-press.eu\/comunicatistampa\/wp-json\/wp\/v2\/posts\/12748","targetHints":{"allow":["GET"]}}],"collection":[{"href":"https:\/\/www.area-press.eu\/comunicatistampa\/wp-json\/wp\/v2\/posts"}],"about":[{"href":"https:\/\/www.area-press.eu\/comunicatistampa\/wp-json\/wp\/v2\/types\/post"}],"author":[{"embeddable":true,"href":"https:\/\/www.area-press.eu\/comunicatistampa\/wp-json\/wp\/v2\/users\/15"}],"replies":[{"embeddable":true,"href":"https:\/\/www.area-press.eu\/comunicatistampa\/wp-json\/wp\/v2\/comments?post=12748"}],"version-history":[{"count":1,"href":"https:\/\/www.area-press.eu\/comunicatistampa\/wp-json\/wp\/v2\/posts\/12748\/revisions"}],"predecessor-version":[{"id":12751,"href":"https:\/\/www.area-press.eu\/comunicatistampa\/wp-json\/wp\/v2\/posts\/12748\/revisions\/12751"}],"wp:attachment":[{"href":"https:\/\/www.area-press.eu\/comunicatistampa\/wp-json\/wp\/v2\/media?parent=12748"}],"wp:term":[{"taxonomy":"category","embeddable":true,"href":"https:\/\/www.area-press.eu\/comunicatistampa\/wp-json\/wp\/v2\/categories?post=12748"},{"taxonomy":"post_tag","embeddable":true,"href":"https:\/\/www.area-press.eu\/comunicatistampa\/wp-json\/wp\/v2\/tags?post=12748"}],"curies":[{"name":"wp","href":"https:\/\/api.w.org\/{rel}","templated":true}]}}