{"id":12585,"date":"2016-07-28T16:06:45","date_gmt":"2016-07-28T14:06:45","guid":{"rendered":"http:\/\/www.area-press.eu\/comunicatistampa\/?p=12585"},"modified":"2016-07-28T16:06:45","modified_gmt":"2016-07-28T14:06:45","slug":"24-giir-di-mont-in-onda-su-rai-sport-tre-giorni-di-attesa-per-gli-amanti-della-corsa","status":"publish","type":"post","link":"https:\/\/www.area-press.eu\/comunicatistampa\/2016\/07\/28\/24-giir-di-mont-in-onda-su-rai-sport-tre-giorni-di-attesa-per-gli-amanti-della-corsa\/","title":{"rendered":"24\u00b0 Giir di Mont in onda su Rai Sport, tre giorni di attesa per gli amanti della corsa"},"content":{"rendered":"<p>Il 31 luglio 24\u00b0 Giir di Mont a Premana (LC)<\/p>\n<p>Partenza della Mini SkyRace alle ore 7.50 mentre la Skymarathon scatter\u00e0 alle ore 8.20<\/p>\n<p>Il comitato organizzatore fornisce tutte le info di servizio per partecipanti e spettatori<\/p>\n<p>Marted\u00ec 2 agosto alle ore 23.25 Giir di Mont in onda su Rai Sport<\/p>\n<p>&nbsp;<\/p>\n<p>&nbsp;<\/p>\n<p>Gli appassionati dello skyrunning non stanno pi\u00f9 nella pelle, stanno per entrare nel vivo di una tre giorni importante per Premana, borgo della Valvarrone (LC), coronata dalla ventiquattresima edizione del Giir di Mont di domenica 31 luglio.<\/p>\n<p>Le iniziative partiranno venerd\u00ec 29 luglio alle ore 21 all\u2019anfiteatro premanese, con la serata in collaborazione con i Ragni di Lecco &#8211; Arrampicata Alpinism Climbing, volta a celebrare i 70 anni d\u2019attivit\u00e0 del gruppo alpinistico dei Ragni della Grignetta attraverso clip inedite, filmati d\u2019archivio ed interviste esclusive. Sabato inizieranno le \u2018operazioni\u2019 in vista della manifestazione podistica per eccellenza, con il ritiro pettorali all\u2019ufficio gare situato presso l\u2019oratorio adiacente a piazza della Chiesa, dalle ore 15 alle ore 20. Alle ore 18 ci sar\u00e0 invece la Santa Messa alla chiesa parrocchiale, mentre alle ore 20.30 si potr\u00e0 assistere ad un briefing tecnico e alla presentazione dei top runner, con tanti personaggi di spicco del panorama podistico nazionale ed internazionale. Domenica mattina, giorno della gara, ecco l\u2019apertura alle ore 6 per il ritiro pettorali, con il comitato organizzatore a ricordare che \u201cper salire a Premana, per le auto non di servizio, ovvero coloro che non hanno apposito pass, occorre servirsi del bus navetta a rotazione continua in partenza dalla zona industriale e dal CFPA di Piazzo di Casargo (LC), dove sono alloggiati diversi ospiti\u201d.<\/p>\n<p>Al momento del ritiro dei pettorali sar\u00e0 possibile ottenere dei bastoncini che saranno portati poi dall\u2019organizzazione in localit\u00e0 Varrone, dove gli atleti potranno ritirarli usufruendo cos\u00ec di un valido aiuto nella ostica salita alla bocchetta di Larec, riconsegnandoli poi al termine delle fatiche. La partenza della Mini SkyRace \u00e8 prevista per le ore 7.50, mentre la Skymarathon prender\u00e0 il volo alle ore 8.20, con i \u2018cancelli orari\u2019 previsti al 9\u00b0 chilometro, in localit\u00e0 Vegessa dopo circa 2 ore di corsa, ed a Premaniga al ventitreesimo chilometro dopo circa 4 ore e 40 minuti di gara. L\u2019arrivo dei concorrenti della Mini SkyRace \u00e8 previsto per le ore 9.30, mentre quello della Skymarathon per le ore 11.30 circa. Il pubblico avr\u00e0 a disposizione diversi itinerari per poter seguire la sfida, seguendo le indicazioni in zona d\u2019arrivo oppure al sito web della manifestazione <a href=\"http:\/\/www.giirdimont.it\/\">www.giirdimont.it<\/a>.<\/p>\n<p>Ma il comitato organizzatore ha proprio pensato a tutto, allestendo anche un collegamento radio video all\u2019interno della piazza principale. \u00c8 ancora possibile prenotare il trasporto in elicottero in alcuni punti del tracciato, con viaggi ad hoc su prenotazione contattando la pagina Facebook dell\u2019evento agonistico. Al termine della competizione, buffet offerto a tutti gli atleti al palazzetto dello sport, gestito dalla Proloco premanese, con leccornie a disposizione anche di pubblico ed accompagnatori, prima di spostarsi tutti al gran finale con le premiazioni dei vincitori alle ore 15, con il bus navetta in funzione per il ritorno. L\u2019AS Premana aggiunge inoltre: \u201cDiamo a tutti appuntamento nel weekend e, visti gli importanti numeri ed i limiti di spazio di Premana, vi preghiamo di muovervi con largo anticipo, e di seguire le istruzioni presenti al sito www.giirdimont.it e sulla pagina Giir di Mont di Facebook\u201d.<\/p>\n<p>Chi non potr\u00e0 essere presente, si potr\u00e0 godere lo spettacolo del Giir di Mont marted\u00ec 2 agosto su Rai Sport alle ore 23.25.<\/p>\n<p>Info: <a href=\"http:\/\/www.giirdimont.it\/\">www.giirdimont.it<\/a><\/p>\n<p>&nbsp;<\/p>\n","protected":false},"excerpt":{"rendered":"<p>Il 31 luglio 24\u00b0 Giir di Mont a Premana (LC) Partenza della Mini SkyRace alle ore 7.50 mentre la Skymarathon scatter\u00e0 alle ore 8.20 Il comitato organizzatore fornisce tutte le info di servizio per partecipanti e spettatori Marted\u00ec 2 agosto alle ore 23.25 Giir di Mont in onda su Rai Sport &nbsp; &nbsp; Gli appassionati [&hellip;]<\/p>\n","protected":false},"author":15,"featured_media":0,"comment_status":"open","ping_status":"open","sticky":false,"template":"","format":"standard","meta":{"footnotes":""},"categories":[15],"tags":[],"class_list":["post-12585","post","type-post","status-publish","format-standard","hentry","category-sport"],"_links":{"self":[{"href":"https:\/\/www.area-press.eu\/comunicatistampa\/wp-json\/wp\/v2\/posts\/12585","targetHints":{"allow":["GET"]}}],"collection":[{"href":"https:\/\/www.area-press.eu\/comunicatistampa\/wp-json\/wp\/v2\/posts"}],"about":[{"href":"https:\/\/www.area-press.eu\/comunicatistampa\/wp-json\/wp\/v2\/types\/post"}],"author":[{"embeddable":true,"href":"https:\/\/www.area-press.eu\/comunicatistampa\/wp-json\/wp\/v2\/users\/15"}],"replies":[{"embeddable":true,"href":"https:\/\/www.area-press.eu\/comunicatistampa\/wp-json\/wp\/v2\/comments?post=12585"}],"version-history":[{"count":1,"href":"https:\/\/www.area-press.eu\/comunicatistampa\/wp-json\/wp\/v2\/posts\/12585\/revisions"}],"predecessor-version":[{"id":12586,"href":"https:\/\/www.area-press.eu\/comunicatistampa\/wp-json\/wp\/v2\/posts\/12585\/revisions\/12586"}],"wp:attachment":[{"href":"https:\/\/www.area-press.eu\/comunicatistampa\/wp-json\/wp\/v2\/media?parent=12585"}],"wp:term":[{"taxonomy":"category","embeddable":true,"href":"https:\/\/www.area-press.eu\/comunicatistampa\/wp-json\/wp\/v2\/categories?post=12585"},{"taxonomy":"post_tag","embeddable":true,"href":"https:\/\/www.area-press.eu\/comunicatistampa\/wp-json\/wp\/v2\/tags?post=12585"}],"curies":[{"name":"wp","href":"https:\/\/api.w.org\/{rel}","templated":true}]}}