{"id":12580,"date":"2016-07-28T16:06:44","date_gmt":"2016-07-28T14:06:44","guid":{"rendered":"http:\/\/www.area-press.eu\/comunicatistampa\/?p=12580"},"modified":"2018-10-28T18:24:56","modified_gmt":"2018-10-28T17:24:56","slug":"acsi-ciclismo-cala-un-memorabile-tris-settembre-di-fuoco-per-gli-artisti-del-pedale","status":"publish","type":"post","link":"https:\/\/www.area-press.eu\/comunicatistampa\/2016\/07\/28\/acsi-ciclismo-cala-un-memorabile-tris-settembre-di-fuoco-per-gli-artisti-del-pedale\/","title":{"rendered":"ACSI Ciclismo cala un memorabile tris, settembre \u201cdi fuoco\u201d per gli artisti del pedale"},"content":{"rendered":"<p>ACSI Ciclismo impegnato a settembre con tre gare di prestigio<\/p>\n<p>Il 4 settembre \u201cGF Pantanissima\u201d, l\u201911 settembre Fondo Leopardiana e GF Bike Division<\/p>\n<p>Gare a Cesenatico (FC), Recanati (MC) e Peschiera del Garda (VR)<\/p>\n<p>Dal 16 al 19 settembre sconti ai tesserati ACSI in occasione del Cosmo Bike Show di Verona<\/p>\n<p>&nbsp;<\/p>\n<p>&nbsp;<\/p>\n<p>Settembre conduce dolcemente all\u2019autunno, inaugura una fase di cambiamento, la natura muta i propri colori e regala aspetti di grande vitalit\u00e0, messi in mostra da ACSI Ciclismo con ben tre gare di prestigio poste sul piatto dei cicloamatori. Il 4 settembre la Granfondo Pantanissima festegger\u00e0 il decimo anniversario, un nome che non ha bisogno di ulteriori presentazioni e che porter\u00e0 i pedalatori sulle strade di Cesenatico (FC).<\/p>\n<p>L\u201911 settembre, invece, gli atleti saranno chiamati ad effettuare un\u2019ardua scelta, ovvero presentarsi nella terra poetica di Recanati (MC) per la diciannovesima Fondo Leopardiana, oppure a Peschiera del Garda (VR) per la seconda Granfondo Bike Division. Tutte le gare sono prove del Campionato Nazionale granfondo e mediofondo ACSI. La Granfondo Pantanissima \u00e8 realizzata dall\u2019Asd Amici di Marco Pantani in collaborazione con la Fondazione Marco Pantani, con l\u2019intento di mantenere vivo il ricordo del \u201cPirata\u201d e di raccogliere fondi da destinare ad attivit\u00e0 sociali. I percorsi della Pantanissima sono il sunto degli itinerari d\u2019allenamento del campione, luoghi in cui Marco Pantani ha scolpito la sua figura d\u2019atleta di livello assoluto e che ancor oggi regalano ricordi indelebili a chi li percorre sul sellino di una bicicletta. La gara di Cesenatico permette agli appassionati di scegliere fra due percorsi, un lungo ed un medio, ritrovandosi tutti assieme alla partenza pronti a commemorare le gesta di un atleta che tutti, patiti del ciclismo e non, ricordano affettuosamente. Una competizione che sul proprio sito regala anche qualche consiglio utile, direttamente dalle parole del \u201cPirata\u201d: \u201cDurante la pedalata \u00e8 opportuno bere frequentemente, a piccoli sorsi, anche se non si avverte fortemente il bisogno di farlo. Per bere, approfittate delle fasi meno impegnative dal punto di vista sia dello sforzo sia della sicurezza nella guida. La resistenza \u00e8 una qualit\u00e0 indispensabile nelle gare su strada, specialmente nelle corse a tappe e gare di fondo. \u00c8 una caratteristica che dipende da molti fattori diversi, nervosi, ormonali, biochimici e altri e che pu\u00f2 essere definita come capacit\u00e0 di protrarre a lungo intensit\u00e0 di lavoro muscolare relativamente elevate. I ciclisti su strada necessitano, in media, di 360 calorie all\u2019ora\u201d.<\/p>\n<p>Come preannunciato, l\u201911 settembre ci sar\u00e0 un bis, a cominciare dall\u2019appuntamento \u2018culturale\u2019 con la Fondo Leopardiana ed il suo nuovo arrivo, la salita al cospetto di Palazzo Leopardi, casa natale dell\u2019immenso poeta Giacomo Leopardi. Dopo aver percorso i 127 km e 2300 metri di dislivello del tracciato lungo o, in alternativa, i 76 km e 1100 metri di dislivello del percorso medio, gli atleti dovranno affrontare l\u2019ultima fatica proprio in vista dell\u2019arrivo, un\u2019erta non difficoltosa che li proietter\u00e0 al cospetto della storica residenza, arricchendo di suggestioni il gi\u00e0 spettacolare itinerario. I \u201cmangia e bevi\u201d tipici delle colline marchigiane accompagneranno i partecipanti lungo il percorso, permettendo a tutti di apprezzare questo meraviglioso territorio.<\/p>\n<p>Nella stessa giornata andr\u00e0 in scena anche la Granfondo Bike Division, lo scorso anno coinvolta dall\u2019entusiasmo di circa 1000 partecipanti. \u201cUn evento pensato e costruito per gli appassionati di ciclismo, nato dal desiderio di coniugare ciclismo e turismo sostenibile. Una giornata all\u2019insegna dei valori dello sport da vivere tra divertimento, passione e voglia di nuove sfide\u201d, sottolineano gli organizzatori. Per l\u2019occasione, Peschiera del Garda metter\u00e0 a disposizione i propri spazi e strutture, oltre a parcheggi e servizi, ospitando inoltre l\u2019area expo nella spettacolare cornice del centro storico.<\/p>\n<p>Le iniziative di ACSI per i propri ciclisti non finiscono qui perch\u00e9 dal 16 al 19 settembre, in occasione del Cosmo Bike Show \u2013 la Fiera della Bicicletta di Verona, i possessori della tessera ACSI riceveranno uno sconto sul prezzo d\u2019entrata.<\/p>\n<p>ACSI si prodiga giornalmente per creare e alimentare la passione ciclistica degli artisti del pedale.<\/p>\n<p>Info: www.acsi.it\/Ciclismo<\/p>\n","protected":false},"excerpt":{"rendered":"<p>ACSI Ciclismo impegnato a settembre con tre gare di prestigio Il 4 settembre \u201cGF Pantanissima\u201d, l\u201911 settembre Fondo Leopardiana e GF Bike Division Gare a Cesenatico (FC), Recanati (MC) e Peschiera del Garda (VR) Dal 16 al 19 settembre sconti ai tesserati ACSI in occasione del Cosmo Bike Show di Verona &nbsp; &nbsp; Settembre conduce [&hellip;]<\/p>\n","protected":false},"author":15,"featured_media":0,"comment_status":"open","ping_status":"open","sticky":false,"template":"","format":"standard","meta":{"footnotes":""},"categories":[15],"tags":[],"class_list":["post-12580","post","type-post","status-publish","format-standard","hentry","category-sport"],"_links":{"self":[{"href":"https:\/\/www.area-press.eu\/comunicatistampa\/wp-json\/wp\/v2\/posts\/12580","targetHints":{"allow":["GET"]}}],"collection":[{"href":"https:\/\/www.area-press.eu\/comunicatistampa\/wp-json\/wp\/v2\/posts"}],"about":[{"href":"https:\/\/www.area-press.eu\/comunicatistampa\/wp-json\/wp\/v2\/types\/post"}],"author":[{"embeddable":true,"href":"https:\/\/www.area-press.eu\/comunicatistampa\/wp-json\/wp\/v2\/users\/15"}],"replies":[{"embeddable":true,"href":"https:\/\/www.area-press.eu\/comunicatistampa\/wp-json\/wp\/v2\/comments?post=12580"}],"version-history":[{"count":2,"href":"https:\/\/www.area-press.eu\/comunicatistampa\/wp-json\/wp\/v2\/posts\/12580\/revisions"}],"predecessor-version":[{"id":35011,"href":"https:\/\/www.area-press.eu\/comunicatistampa\/wp-json\/wp\/v2\/posts\/12580\/revisions\/35011"}],"wp:attachment":[{"href":"https:\/\/www.area-press.eu\/comunicatistampa\/wp-json\/wp\/v2\/media?parent=12580"}],"wp:term":[{"taxonomy":"category","embeddable":true,"href":"https:\/\/www.area-press.eu\/comunicatistampa\/wp-json\/wp\/v2\/categories?post=12580"},{"taxonomy":"post_tag","embeddable":true,"href":"https:\/\/www.area-press.eu\/comunicatistampa\/wp-json\/wp\/v2\/tags?post=12580"}],"curies":[{"name":"wp","href":"https:\/\/api.w.org\/{rel}","templated":true}]}}