{"id":12576,"date":"2016-07-28T16:06:43","date_gmt":"2016-07-28T14:06:43","guid":{"rendered":"http:\/\/www.area-press.eu\/comunicatistampa\/?p=12576"},"modified":"2018-10-28T18:56:30","modified_gmt":"2018-10-28T17:56:30","slug":"chiara-taigi-soprano-di-fama-internazionale-incanta-il-pubblico-siciliano","status":"publish","type":"post","link":"https:\/\/www.area-press.eu\/comunicatistampa\/2016\/07\/28\/chiara-taigi-soprano-di-fama-internazionale-incanta-il-pubblico-siciliano\/","title":{"rendered":"CHIARA TAIGI, soprano di fama internazionale, incanta il pubblico siciliano"},"content":{"rendered":"<p style=\"text-align: center\"><strong>CHIARA TAIGI<\/strong><\/p>\n<p style=\"text-align: center\"><strong>soprano di fama internazionale<\/strong><\/p>\n<p style=\"text-align: center\"><strong>incanta il pubblico siciliano<\/strong><\/p>\n<p>&nbsp;<\/p>\n<p><strong>Chiara Taigi:<\/strong> \u201c<em>Porter\u00f2 la Sicilia con me a Bangkok nel rappresentare, a novembre, Santuzza, nella pi\u00f9 completa dignit\u00e0 delle donne siciliane<\/em>.\u201d<\/p>\n<p>La musica ha il pregio di regalare innumerevoli emozioni. Essenziale \u00e8 la capacit\u00e0 di esprimere, in maniera pura, con grande abilit\u00e0 ed estrema naturalezza, profonde sensazioni e travolgenti emozioni. <strong>Chiara Taigi<\/strong>, soprano di fama internazionale, ha questo grande talento e, durante le sue esibizioni, trasmette il pathos al grande pubblico, donando pagine di indubbia bellezza. Con la sua incantevole voce, Chiara Taigi mostra la sua interiorit\u00e0 spirituale, spinge il suo sguardo oltre il visibile, rende tangibile l\u2019astratto, crea una trasfigurazione della realt\u00e0. La critica russa l\u2019ha definita \u201c<em>Regina dell&#8217;Opera<\/em>\u201d per il senso umano con il grande pubblico e per i meravigliosi concerti che si sono tenuti presso palazzi imperiali quali: Konstantinovsky, Pushkin, Castello di Novgorod e Imperiali Residenze Sanpietroburghesi.\u00a0Numerosi sono stati i riconoscimenti ed il premi ricevuti nel corso della sua carriera. In occasione della V Edizione del\u00a0<strong>MareFestival &#8211; Premio Troisi<\/strong>, tenutasi dal 19 al 24 luglio 2016, Chiara Taigi si \u00e8 esibita sulle note dei brani pi\u00f9 celebri della tradizione lirica italiana: \u201c<em>Casta Diva<\/em>\u201d, dalla Norma di Vincenzo Bellini, e \u201c<em>O mio babbino caro<\/em>\u201d, da Gianni Schicchi di Giacomo Puccini.\u00a0Durante questa meravigliosa kermesse, l\u2019artista ha ricevuto il Premio Troisi alla Carriera. Una bella soddisfazione per Chiara Taigi che, con grande gioia, ha dichiarato: \u201c<em>Mare Festival V edizione con un soprano come me che passa dall\u2019opera \u201cNorma\u201d a \u201cVuj durmiti Ancora\u201d, che parla della comicit\u00e0 e del grande cinema con una vera ultima diva quale emblema pi\u00f9 elegante della Sicilia come Maria Grazia Cucinotta, si pu\u00f2 tradurre solo con:\u00a0Salina l&#8217;isola del Postino, perla del Mediterraneo. Sono molto felice di entrare a pieno nell\u2019aggettivo camilleriano la \u201cSicilitudine\u201d, dal momento che ho vissuto l\u2019isola nella mia intimit\u00e0 di donna istrionica. Ho dato tutto al mio pubblico siciliano, non lesinando nulla, ma con il bisogno di essere appartata a parlare con la natura meravigliosa che la Sicilia offre senza limiti.<\/em> <em>Quindi, la mia Sicilitudine si concretizza per essere ancora rappresentante di quest\u2019isola che mi ha visto Medea al Massimo di Palermo, pronta a lottare con le maestranze per i loro diritti, a Catania in occasione dell\u2019inaugurazione del Massimo Bellini, sotto la grande regia di Lamberto Puggelli e la direzione d&#8217;Orchestra di Evelino Pid\u00f2, poi ancora nelle festose giornate di Sant&#8217;Agata a Catania assieme al Coro Lirico Siciliano per rappresentare un folclore mistico. Sono davvero tanti i ricordi legati a questa isola. Il Premio Massimo Troisi che mi \u00e8 stato conferito a Salina per le mie attoriali interpretazioni canore, mi ha fatto trovare amici nuovi come Massimiliano Cavaleri e l&#8217;Assessore Daniela Ursino. Un\u2019unione d&#8217;anime, una macchina che si muove solo col cuore.\u201d<\/em> Per le prossime stagioni, Chiara Taigi riserver\u00e0 al suo pubblico tanti appuntamenti. Nel novembre 2016, <strong>Chiara Taigi interpreter\u00e0 Santuzza e porter\u00e0 la sua amata Sicilia fino in Asia.<\/strong><\/p>\n<p>Denise Ubbriaco<\/p>\n","protected":false},"excerpt":{"rendered":"<p>In occasione della V Edizione del MareFestival &#8211; Premio Troisi, tenutasi dal 19 al 24 luglio 2016, Chiara Taigi si \u00e8 esibita sulle note dei brani pi\u00f9 celebri della tradizione lirica italiana: \u201cCasta Diva\u201d, dalla Norma di Vincenzo Bellini, e \u201cO mio babbino caro\u201d, da Gianni Schicchi di Giacomo Puccini. Durante questa meravigliosa kermesse, l\u2019artista ha ricevuto il Premio Troisi alla Carriera.<\/p>\n","protected":false},"author":3233,"featured_media":0,"comment_status":"open","ping_status":"open","sticky":false,"template":"","format":"standard","meta":{"footnotes":""},"categories":[3,12],"tags":[8633,8635,8852,8637],"class_list":["post-12576","post","type-post","status-publish","format-standard","hentry","category-arte-e-cultura","category-musica","tag-chiara-taigi","tag-chiara-taigi-soprano","tag-mare-festival-salina","tag-premio-troisi"],"_links":{"self":[{"href":"https:\/\/www.area-press.eu\/comunicatistampa\/wp-json\/wp\/v2\/posts\/12576","targetHints":{"allow":["GET"]}}],"collection":[{"href":"https:\/\/www.area-press.eu\/comunicatistampa\/wp-json\/wp\/v2\/posts"}],"about":[{"href":"https:\/\/www.area-press.eu\/comunicatistampa\/wp-json\/wp\/v2\/types\/post"}],"author":[{"embeddable":true,"href":"https:\/\/www.area-press.eu\/comunicatistampa\/wp-json\/wp\/v2\/users\/3233"}],"replies":[{"embeddable":true,"href":"https:\/\/www.area-press.eu\/comunicatistampa\/wp-json\/wp\/v2\/comments?post=12576"}],"version-history":[{"count":3,"href":"https:\/\/www.area-press.eu\/comunicatistampa\/wp-json\/wp\/v2\/posts\/12576\/revisions"}],"predecessor-version":[{"id":35920,"href":"https:\/\/www.area-press.eu\/comunicatistampa\/wp-json\/wp\/v2\/posts\/12576\/revisions\/35920"}],"wp:attachment":[{"href":"https:\/\/www.area-press.eu\/comunicatistampa\/wp-json\/wp\/v2\/media?parent=12576"}],"wp:term":[{"taxonomy":"category","embeddable":true,"href":"https:\/\/www.area-press.eu\/comunicatistampa\/wp-json\/wp\/v2\/categories?post=12576"},{"taxonomy":"post_tag","embeddable":true,"href":"https:\/\/www.area-press.eu\/comunicatistampa\/wp-json\/wp\/v2\/tags?post=12576"}],"curies":[{"name":"wp","href":"https:\/\/api.w.org\/{rel}","templated":true}]}}