{"id":12469,"date":"2016-07-24T18:26:24","date_gmt":"2016-07-24T16:26:24","guid":{"rendered":"http:\/\/www.area-press.eu\/comunicatistampa\/?p=12469"},"modified":"2016-07-24T18:26:24","modified_gmt":"2016-07-24T16:26:24","slug":"gli-sbandieratori-del-leone-rampante-di-cori-alle-olimpiadi-del-folklore-in-messico","status":"publish","type":"post","link":"https:\/\/www.area-press.eu\/comunicatistampa\/2016\/07\/24\/gli-sbandieratori-del-leone-rampante-di-cori-alle-olimpiadi-del-folklore-in-messico\/","title":{"rendered":"Gli Sbandieratori del Leone Rampante di Cori alle Olimpiadi del Folklore in Messico"},"content":{"rendered":"<p><strong><em>Dal 30 Luglio al 7 Agosto gli Sbandieratori del Leone Rampante di Cori rappresenteranno l\u2019Italia alla prestigiosa Folkloriada, le Olimpiadi del Folklore di Zacatecas in Messico. Nel mentre saranno impegnati anche nel Latium World Folkloric Festival. Ad Ottobre l\u2019importante partecipazione al 46\u00b0 CIOFF\u00ae World Congress.<\/em><\/strong><\/p>\n<p>Si preannuncia una stagione ricca di eventi e di grandi responsabilit\u00e0 per gli Sbandieratori del Leone Rampante di Cori. Importantissima \u00e8 la partecipazione alla <strong>Folkloriada a Zacatecas in Messico<\/strong>. I Leoni saranno i rappresentanti italiani alle <strong>Olimpiadi del folklore<\/strong>, la pi\u00f9 importante manifestazione del CIOFF\u00ae Mondiale che si svolge ogni 4 anni, organizzata dalla Sezione del CIOFF\u00ae Messico in collaborazione con il Ministero della Cultura messicano.<\/p>\n<p>Anche in questa edizione, per la seconda volta consecutiva dopo la Korea del Sud nel 2012, gli Sbandieratori del Leone Rampante porteranno in alto il nome di Cori e dell\u2019Italia alla <strong>\u201cfiesta del mundo\u201d<\/strong>. Dal 30 Luglio al 7 Agosto Zacatecas sar\u00e0 il punto di convergenza di oltre 2 mila danzatori e musicisti da pi\u00f9 di 50 Paesi dei 5 continenti che condivideranno il folklore dei loro popoli, per poi proseguire con tour messicano che li porter\u00e0 a partecipare al Festival di Monterrey e al Festival di Citt\u00e0 del Messico.<\/p>\n<p>Durante questa grande manifestazione <strong>3 giovani sbandieratori sono stati designati dal CIOFF\u00ae Giovani Italia come rappresentanti italiani durante il 7th CIOFF\u00ae World Youth Forum<\/strong> e a presentare le attivit\u00e0 che il movimento italiano ha raccolto durante gli ultimi anni. Un altro importante avvenimento \u00e8 il <strong>First World Forum of Directors<\/strong> <strong>dei gruppi folkloristici e dei Festival Cioff\u00ae<\/strong> che vedr\u00e0 interessato come capogruppo dirigente Alessandro Saccucci.<\/p>\n<p>Contemporaneamente gli Sbandieratori del Leone Rampante sono gi\u00e0 all\u2019opera nella decima edizione del <strong>Latium World Folkloric Festival<\/strong>, che li vede protagonisti sia nell\u2019organizzazione vera e propria dell\u2019evento, che nelle esibizioni. Il primo appuntamento \u00e8 la serata <strong>Notte Bianca tra Folklore e Musica Etnica<\/strong> del 27 Luglio, in cui si esibir\u00e0 la squadra olimpionica, che avr\u00e0 cos\u00ec l\u2019opportunit\u00e0 di salutare il paese e il Festival prima della partenza messicana. Gli altri appuntamenti sono il 3 e il 7 Agosto, <strong>apertura e chiusura del Latium World Folkloric Festival<\/strong>, in cui un\u2019ulteriore squadra di Leoni salir\u00e0 sul palco del Festival corese.<\/p>\n<p>Sulla scia dell\u2019adesione a pieno titolo nel CIOFF\u00ae Mondiale e Italiano, il Leone Rampante parteciper\u00e0 attivamente al <strong>46\u00b0 CIOFF\u00ae World Congress<\/strong> che si terr\u00e0 in Italia a Fiuggi dal 3 al 13 Ottobre 2016 e vedr\u00e0 coinvolte le cariche massime del CIOFF\u00ae Mondiale e delle numerosissime Sezioni straniere. Si delinea quindi un periodo denso di oneri e onori che ha alla base l\u2019integrazione, la condivisione il confronto tra giovani di tutto il mondo, linee guida del <strong>Progetto Giovani Nel Mondo<\/strong> di cui gli Sbandieratori del Leone Rampante di Cori sono promotori.<\/p>\n<p><em><a href=\"http:\/\/ufficiostampaolmr.wix.com\/marcocastaldi\">Marco Castaldi<\/a><\/em><\/p>\n<p><em><a href=\"http:\/\/ufficiostampaolmr.wix.com\/marcocastaldi\">Addetto Stampa &amp; OLMR<\/a><\/em><\/p>\n","protected":false},"excerpt":{"rendered":"<p>Dal 30 Luglio al 7 Agosto gli Sbandieratori del Leone Rampante di Cori rappresenteranno l\u2019Italia alla prestigiosa Folkloriada, le Olimpiadi del Folklore di Zacatecas in Messico. Nel mentre saranno impegnati anche nel Latium World Folkloric Festival. Ad Ottobre l\u2019importante partecipazione al 46\u00b0 CIOFF\u00ae World Congress. Si preannuncia una stagione ricca di eventi e di grandi [&hellip;]<\/p>\n","protected":false},"author":659,"featured_media":0,"comment_status":"open","ping_status":"open","sticky":false,"template":"","format":"standard","meta":{"footnotes":""},"categories":[8],"tags":[],"class_list":["post-12469","post","type-post","status-publish","format-standard","hentry","category-eventi"],"_links":{"self":[{"href":"https:\/\/www.area-press.eu\/comunicatistampa\/wp-json\/wp\/v2\/posts\/12469","targetHints":{"allow":["GET"]}}],"collection":[{"href":"https:\/\/www.area-press.eu\/comunicatistampa\/wp-json\/wp\/v2\/posts"}],"about":[{"href":"https:\/\/www.area-press.eu\/comunicatistampa\/wp-json\/wp\/v2\/types\/post"}],"author":[{"embeddable":true,"href":"https:\/\/www.area-press.eu\/comunicatistampa\/wp-json\/wp\/v2\/users\/659"}],"replies":[{"embeddable":true,"href":"https:\/\/www.area-press.eu\/comunicatistampa\/wp-json\/wp\/v2\/comments?post=12469"}],"version-history":[{"count":1,"href":"https:\/\/www.area-press.eu\/comunicatistampa\/wp-json\/wp\/v2\/posts\/12469\/revisions"}],"predecessor-version":[{"id":12470,"href":"https:\/\/www.area-press.eu\/comunicatistampa\/wp-json\/wp\/v2\/posts\/12469\/revisions\/12470"}],"wp:attachment":[{"href":"https:\/\/www.area-press.eu\/comunicatistampa\/wp-json\/wp\/v2\/media?parent=12469"}],"wp:term":[{"taxonomy":"category","embeddable":true,"href":"https:\/\/www.area-press.eu\/comunicatistampa\/wp-json\/wp\/v2\/categories?post=12469"},{"taxonomy":"post_tag","embeddable":true,"href":"https:\/\/www.area-press.eu\/comunicatistampa\/wp-json\/wp\/v2\/tags?post=12469"}],"curies":[{"name":"wp","href":"https:\/\/api.w.org\/{rel}","templated":true}]}}