{"id":12445,"date":"2016-07-23T01:15:35","date_gmt":"2016-07-22T23:15:35","guid":{"rendered":"http:\/\/www.area-press.eu\/comunicatistampa\/?p=12445"},"modified":"2016-07-23T01:15:35","modified_gmt":"2016-07-22T23:15:35","slug":"la-coppia-longo-cattaneo-strepitosa-a-trento-i-leader-di-classifica-mantengono-la-testa-della-19%e1%b5%83-bike-transalp","status":"publish","type":"post","link":"https:\/\/www.area-press.eu\/comunicatistampa\/2016\/07\/23\/la-coppia-longo-cattaneo-strepitosa-a-trento-i-leader-di-classifica-mantengono-la-testa-della-19%e1%b5%83-bike-transalp\/","title":{"rendered":"La coppia Longo-Cattaneo strepitosa a Trento, I leader di classifica mantengono la testa della 19\u1d43 Bike Transalp"},"content":{"rendered":"<p>&nbsp;<\/p>\n<p>Oggi sesta sfida della 19\u1d43 Bike Transalp powered by Sigma in scena dal 17 al 23 luglio<\/p>\n<p>Strepitoso successo degli italiani Tony Longo e Johnny Cattaneo nella tappa Mezzana-Trento<\/p>\n<p>I leader Pernsteiner-Geismayr e Sarah Reiners-Cemile Trommer rimangono saldamente al comando<\/p>\n<p>Alle ore 18 premiazioni a Trento Fiere sotto la regia organizzativa dell\u2019APT Trento<\/p>\n<p>&nbsp;<\/p>\n<p>&nbsp;<\/p>\n<p>\u201cAmare la vita attraverso la fatica \u00e8 penetrarne il segreto pi\u00f9 profondo\u201d scrisse Khalil Gibran, e gli atleti della Bike Transalp sanno di cosa il poeta libanese stesse parlando, la mirabile traversata delle Alpi in mountain bike \u00e8 giunta oggi a Trento, penultimo step prima del finale di Arco (TN).<\/p>\n<p>I bikers sono arrivati in Piazza Fiera a Trento dopo esser partiti da Mezzana, portando a compimento gli 88.24 km e 2.364 metri di dislivello che li separavano dall\u2019arrivo nella \u201ccitt\u00e0 dei tre denti\u201d. I pedalatori si sono messi alla prova fra Val di Sole, Val di Non ed Altopiano della Paganella, cimentandosi nella spettacolare e difficoltosa salita del Passo Le Fraine, proseguendo nella cavalcata sugli sterrati dolomitici e giungendo a Trento in Piazza Fiera visibilmente stanchi ma soddisfatti dell\u2019\u2018impresa\u2019 compiuta. Chi ha gioito pi\u00f9 di tutti \u00e8 stato un team 100% italiano, ovvero il duo composto dal bergamasco Johnny Cattaneo e dal trentino Tony Longo, abili ad imporsi con forza e destrezza sui quattro \u2018centurioni\u2019 del Centurion Vaude 1 e 2, appaiati alla finish line, rispettivamente con i leader di classifica Hermann Pernsteiner e Daniel Geismayr ed i tedeschi Markus Kaufmann e Jochen K\u00e4\u00df, i quali si sono detti sorpresi di come gli italiani abbiano saputo recuperare in fretta le energie \u2018rigenerandosi\u2019 dagli sforzi profusi. Il sole trentino, poi trasformatosi in pioggia, ha illuminato i volti dei vincitori, con Tony Longo ad aggiudicarsi la sfida sulle strade di casa: \u201cLa tappa \u00e8 stata magnifica, essendo trentino tenevo particolarmente a far bene nella mia terra, siamo felicissimi anche perch\u00e9 abbiamo agguantato il terzo posto assoluto, un risultato importante, una vittoria di tappa, abbiamo iniziato non molto bene perch\u00e9 Johnny (Cattaneo ndr \u2013 il compagno di squadra) non era nelle migliori condizioni per gareggiare. Quella di domani sar\u00e0 una tappa corta ma impegnativa, dopo sette giorni non \u00e8 facile, io sto molto bene, ho visto che gli altri fanno un po\u2019 pi\u00f9 fatica quindi tentiamo il bis anche domani.\u201d Cattaneo concorda con il compagno: \u201cSapevamo che era una tappa molto \u2018nervosa\u2019, per\u00f2 si addiceva alle mie caratteristiche, abbiamo provato ad attaccare ed \u00e8 andata bene, siamo vicini a casa e siamo contenti di quanto ottenuto\u201d. Soddisfatti anche i leader di classifica Hermann Pernsteiner e Daniel Geismayr, i quali hanno \u2018controllato\u2019 e mantenuto saldo il proprio margine di classifica sui diretti inseguitori: \u201cNon abbiamo voluto correre rischi ed abbiamo fatto bene, ora abbiamo un buon gap, domani l\u2019ultimo sforzo, speriamo di poter difendere il nostro vantaggio e vincere quest\u2019edizione della Bike Transalp, oggi in Trentino ci siamo divertiti molto, il tracciato era molto tecnico e spettacolare\u201d. Le donne si sono battute come meglio potevano, con le leader di classifica Sarah Reiners e Cemile Trommer nuovamente a primeggiare: \u201cQuesta volta \u00e8 stata durissima per noi, abbiamo dato tutto ci\u00f2 che avevamo, eravamo veramente al limite. Non abbiamo visto le nostre dirette avversarie, ma arrivare prime per noi \u00e8 stato sorprendente, tutti sono stanchi ma cercheremo di portare a termine la nostra \u2018missione\u2019 concludendo con titolo ed ultima tappa.\u201d Seconda posizione per le svizzere Sabina Compassi e Melanie Alexander, mentre in terza posizione si piazza l\u2019atleta \u2018di casa\u2019 Lorenza Menapace assieme alla collega britannica Elizabeth Simpson: \u201cAbbiamo regolarizzato la nostra terza posizione, oggi \u00e8 stato bello arrivare in centro citt\u00e0, sono molto emozionata\u201d. Come britannico \u00e8 il successo nella competizione \u2018mista\u2019, con Sally Bigham e Ben Thomas a dare un\u2019ulteriore soddisfazione ai propri connazionali. Vittoria Master a Massimo Debertolis e Andreas Laner, Gran Master alla \u2018strana coppia\u2019 formata dal germanico Thorsten Damm e dallo sloveno Peter Vesel.<\/p>\n<p>Un nuovo successo organizzativo, dunque, dopo \u201cLa Leggendaria Charly Gaul\u201d, la cronometro di Cavedine e \u201cLa Moserissima\u201d che hanno impegnato i ciclisti su strada la scorsa settimana, \u00e8 ora toccato ai bikers destreggiarsi, con l\u2019arrivo di tappa trentino della Bike Transalp powered by Sigma allestito dall\u2019ApT Trento, Monte Bondone, Valle dei Laghi grazie alla collaborazione di Cavit, Dolomiti Energia, Cassa Rurale di Trento e Casse Rurali Trentine, regalando a tutti gli spettatori una sfilata di corridori di alto livello, non ancora conclusa, poich\u00e9 tutti i top riders verranno celebrati con le premiazioni di rito alle ore 18 a Trento Fiere. Domani mattina alle ore 9 i bikers ripartiranno per concludere la propria avventura su due ruote, con l\u2019arrivo della 19\u1d43 Bike Transalp ad Arco (TN).<\/p>\n<p>Info: <a href=\"http:\/\/www.bike-transalp.de\/\">www.bike-transalp.de<\/a><\/p>\n<p>&nbsp;<\/p>\n<p>&nbsp;<\/p>\n","protected":false},"excerpt":{"rendered":"<p>&nbsp; Oggi sesta sfida della 19\u1d43 Bike Transalp powered by Sigma in scena dal 17 al 23 luglio Strepitoso successo degli italiani Tony Longo e Johnny Cattaneo nella tappa Mezzana-Trento I leader Pernsteiner-Geismayr e Sarah Reiners-Cemile Trommer rimangono saldamente al comando Alle ore 18 premiazioni a Trento Fiere sotto la regia organizzativa dell\u2019APT Trento &nbsp; [&hellip;]<\/p>\n","protected":false},"author":15,"featured_media":0,"comment_status":"open","ping_status":"open","sticky":false,"template":"","format":"standard","meta":{"footnotes":""},"categories":[15],"tags":[],"class_list":["post-12445","post","type-post","status-publish","format-standard","hentry","category-sport"],"_links":{"self":[{"href":"https:\/\/www.area-press.eu\/comunicatistampa\/wp-json\/wp\/v2\/posts\/12445","targetHints":{"allow":["GET"]}}],"collection":[{"href":"https:\/\/www.area-press.eu\/comunicatistampa\/wp-json\/wp\/v2\/posts"}],"about":[{"href":"https:\/\/www.area-press.eu\/comunicatistampa\/wp-json\/wp\/v2\/types\/post"}],"author":[{"embeddable":true,"href":"https:\/\/www.area-press.eu\/comunicatistampa\/wp-json\/wp\/v2\/users\/15"}],"replies":[{"embeddable":true,"href":"https:\/\/www.area-press.eu\/comunicatistampa\/wp-json\/wp\/v2\/comments?post=12445"}],"version-history":[{"count":1,"href":"https:\/\/www.area-press.eu\/comunicatistampa\/wp-json\/wp\/v2\/posts\/12445\/revisions"}],"predecessor-version":[{"id":12446,"href":"https:\/\/www.area-press.eu\/comunicatistampa\/wp-json\/wp\/v2\/posts\/12445\/revisions\/12446"}],"wp:attachment":[{"href":"https:\/\/www.area-press.eu\/comunicatistampa\/wp-json\/wp\/v2\/media?parent=12445"}],"wp:term":[{"taxonomy":"category","embeddable":true,"href":"https:\/\/www.area-press.eu\/comunicatistampa\/wp-json\/wp\/v2\/categories?post=12445"},{"taxonomy":"post_tag","embeddable":true,"href":"https:\/\/www.area-press.eu\/comunicatistampa\/wp-json\/wp\/v2\/tags?post=12445"}],"curies":[{"name":"wp","href":"https:\/\/api.w.org\/{rel}","templated":true}]}}