{"id":12442,"date":"2016-07-23T01:15:35","date_gmt":"2016-07-22T23:15:35","guid":{"rendered":"http:\/\/www.area-press.eu\/comunicatistampa\/?p=12442"},"modified":"2016-07-23T01:15:35","modified_gmt":"2016-07-22T23:15:35","slug":"assisi-suono-sacro-2016-alla-ricerca-dellartista-illuminato","status":"publish","type":"post","link":"https:\/\/www.area-press.eu\/comunicatistampa\/2016\/07\/23\/assisi-suono-sacro-2016-alla-ricerca-dellartista-illuminato\/","title":{"rendered":"Assisi Suono Sacro 2016: alla ricerca dell\u2019artista illuminato"},"content":{"rendered":"<p><strong>Assisi Suono Sacro 2016: alla ricerca dell\u2019artista illuminato<\/strong><\/p>\n<p><span style=\"font-weight: 400\">Festival di musica ed arte ma anche di ricerca, <\/span><b>Assisi Suono Sacro<\/b><span style=\"font-weight: 400\"> entra nel vivo del tema di quest\u2019anno con una tavola rotonda, il 23 luglio alle ore 17:00 presso la Sala delle Volte ad Assisi, dall\u2019emblematico titolo di <\/span><i><span style=\"font-weight: 400\">In cerca dell\u2019artista illuminato<\/span><\/i><span style=\"font-weight: 400\">. La conferenza sar\u00e0 preceduta alle ore 15:30 dall\u2019inaugurazione della mostra d\u2019arte. Saranno presenti, oltre al Direttore Artistico <\/span><b>Andrea Ceccomori<\/b><span style=\"font-weight: 400\">, il compositore Nicola Cisternino, lo scrittore Antonello Colimberti, Leonardo Clerici fondatore dell\u2019Istituto di Skriptura di Bruxelles nonch\u00e9 nipote di Tommaso Marinetti, i musicisti Renzo Cresti e Gianni Garrera e Padre Maurizio Verde, musicista. Studiosi ed esperti riuniti per delineare l\u2019identit\u00e0 e le caratteristiche di un modello di artista che, seguendo il solco della tradizione ma nel contesto e con le esigenze di oggi, possa essere punto di riferimento, faro e modello per l\u2019oggi e per il domani. L\u2019artista, insomma, come pensatore e come maestro, come espressione e punto di riferimento per una cultura e per un popolo. In un contest storico in cui sempre pi\u00f9 spesso l\u2019artista \u00e8 ingranaggio di logiche commerciali e non professionali, infatti, sempre pi\u00f9 forte \u00e8 l\u2019esigenza della riscoperta di un senso che restituisca valore, significato e prospettive ad una figura, quella dell\u2019artista, che altrimenti rischia pesantemente di perdere i propri riferimenti professionali e il proprio senso collettivo.<\/span><\/p>\n<p>&nbsp;<\/p>\n","protected":false},"excerpt":{"rendered":"<p>Assisi Suono Sacro 2016: alla ricerca dell\u2019artista illuminato Festival di musica ed arte ma anche di ricerca, Assisi Suono Sacro entra nel vivo del tema di quest\u2019anno con una tavola rotonda, il 23 luglio alle ore 17:00 presso la Sala delle Volte ad Assisi, dall\u2019emblematico titolo di In cerca dell\u2019artista illuminato. La conferenza sar\u00e0 preceduta [&hellip;]<\/p>\n","protected":false},"author":864,"featured_media":0,"comment_status":"open","ping_status":"open","sticky":false,"template":"","format":"standard","meta":{"footnotes":""},"categories":[29],"tags":[],"class_list":["post-12442","post","type-post","status-publish","format-standard","hentry","category-comunicati"],"_links":{"self":[{"href":"https:\/\/www.area-press.eu\/comunicatistampa\/wp-json\/wp\/v2\/posts\/12442","targetHints":{"allow":["GET"]}}],"collection":[{"href":"https:\/\/www.area-press.eu\/comunicatistampa\/wp-json\/wp\/v2\/posts"}],"about":[{"href":"https:\/\/www.area-press.eu\/comunicatistampa\/wp-json\/wp\/v2\/types\/post"}],"author":[{"embeddable":true,"href":"https:\/\/www.area-press.eu\/comunicatistampa\/wp-json\/wp\/v2\/users\/864"}],"replies":[{"embeddable":true,"href":"https:\/\/www.area-press.eu\/comunicatistampa\/wp-json\/wp\/v2\/comments?post=12442"}],"version-history":[{"count":1,"href":"https:\/\/www.area-press.eu\/comunicatistampa\/wp-json\/wp\/v2\/posts\/12442\/revisions"}],"predecessor-version":[{"id":12443,"href":"https:\/\/www.area-press.eu\/comunicatistampa\/wp-json\/wp\/v2\/posts\/12442\/revisions\/12443"}],"wp:attachment":[{"href":"https:\/\/www.area-press.eu\/comunicatistampa\/wp-json\/wp\/v2\/media?parent=12442"}],"wp:term":[{"taxonomy":"category","embeddable":true,"href":"https:\/\/www.area-press.eu\/comunicatistampa\/wp-json\/wp\/v2\/categories?post=12442"},{"taxonomy":"post_tag","embeddable":true,"href":"https:\/\/www.area-press.eu\/comunicatistampa\/wp-json\/wp\/v2\/tags?post=12442"}],"curies":[{"name":"wp","href":"https:\/\/api.w.org\/{rel}","templated":true}]}}