{"id":12412,"date":"2016-07-23T01:15:34","date_gmt":"2016-07-22T23:15:34","guid":{"rendered":"http:\/\/www.area-press.eu\/comunicatistampa\/?p=12412"},"modified":"2016-07-23T01:15:34","modified_gmt":"2016-07-22T23:15:34","slug":"la-carriera-professionale-di-federico-cervellini-in-italia-e-allestero","status":"publish","type":"post","link":"https:\/\/www.area-press.eu\/comunicatistampa\/2016\/07\/23\/la-carriera-professionale-di-federico-cervellini-in-italia-e-allestero\/","title":{"rendered":"La carriera professionale di Federico Cervellini in Italia e all\u2019estero"},"content":{"rendered":"<p><em><strong><a title=\"Federico Cervellini - H2Biz\" href=\"http:\/\/www.h2biz.eu\/manager\/Federico-Cervellini\/\">Federico Cervellini<\/a> concentra i primi anni della propria carriera intorno al settore della sicurezza e, dopo aver collaborato con importanti clienti in Italia, si trasferisce negli Emirati Arabi Uniti gestendo il settore Corporate Affairs di MBM Group.<\/strong><br \/>\n<\/em><\/p>\n<p><a title=\"Federico Cervellini - H2Biz\" href=\"http:\/\/www.h2biz.eu\/manager\/Federico-Cervellini\/\"><img loading=\"lazy\" decoding=\"async\" src=\"http:\/\/www.h2biz.eu\/public\/crop_min_12432-i-image2.jpg\" alt=\"Federico Cervellini - Director of Corporate Affairs\" width=\"366\" height=\"365\" \/><\/a><\/p>\n<h2>La carriera di Federico Cervellini all&#8217;interno dei confini nazionali<\/h2>\n<p><strong>Federico Cervellini<\/strong> nasce nel 1974 e inizia la propria carriera professionale lavorando come addetto alla sicurezza per diversi esercizi commerciali e luoghi di intrattenimento dislocati sull&#8217;intero territorio nazionale. Per aumentare le proprie conoscenze e fornire un servizio di alto livello, frequenta a Bologna nel 2002 il corso di guida veloce per mezzi blindati e poco dopo sostiene un corso avanzato di difesa personale. Nel 2004, ha la possibilit\u00e0 di accrescere ulteriormente la propria esperienza cominciando a collaborare, in qualit\u00e0 di Security Manager, con nomi importanti dell&#8217;alta moda e marchi noti nell&#8217;industria dell&#8217;elettronica di largo consumo. Successivamente, grazie alle competenze acquisite, lavora a favore di personaggi illustri del mondo dello spettacolo ed importanti imprenditori, prestando servizio in qualit\u00e0 di Bodyguard. <strong>Federico Cervellini<\/strong>, poco tempo dopo, sceglie di avventurarsi insieme ad alcuni soci nel mondo dell&#8217;imprenditoria: decidono di riqualificare Palazzo Guidi, antica dimora risalente al 1556 localizzata intorno alle verdi colline di Santarcangelo di Romagna, in provincia di Rimini. La location \u00e8 adatta ad ospitare eventi di gala, matrimoni, congressi e meeting aziendali. Presso Palazzo Guidi 1556, svolge l&#8217;attivit\u00e0 di Responsible of Sales and Marketing e Public Relations Manager.<\/p>\n<h2>L&#8217;esperienza di Federico Cervellini si sposta in Medioriente<\/h2>\n<p>Nel 2009 <strong>Federico Cervellini<\/strong> decide di portare la propria esperienza professionale negli Emirati Arabi Uniti e pi\u00f9 precisamente ad Abu Dhabi. Nella citt\u00e0 araba, lavora come Head of International Business Development prestando servizio alla corte di Sua Altezza la Sceicca Maryam bint Hamdan bin Mohammed Al Nahyan. Durante questo periodo, porta avanti parallelamente una collaborazione con MAZCORP e Caff\u00e8 Pascucci in qualit\u00e0 di Business Development Manager. Lasciata la citt\u00e0 di Abu Dhabi, decide di rimanere negli Emirati Arabi Uniti spostandosi a Dubai per entrare a far parte di MBM Group, societ\u00e0 guidata da Sua Maest\u00e0 lo Sceicco Mohammed bin Maktoum bin Juma Al Maktoum. All&#8217;interno del Gruppo, <strong>Federico Cervellini<\/strong> lavora come Director of Corporate Affairs intervenendo come mediatore per le realt\u00e0 imprenditoriali estere desiderose di iniziare a sviluppare attivit\u00e0 di business all&#8217;interno del contesto mediorientale. MBM Group ha inizialmente sviluppato il proprio mercato all&#8217;interno degli Emirati Arabi Uniti, venendo riconosciuto come uno dei maggiori Venture Capitalist.<\/p>\n<p><strong><em>Maggiori dettagli su <a title=\"Federico Cervellini - H2Biz\" href=\"http:\/\/www.h2biz.eu\/manager\/Federico-Cervellini\/\">Federico Cervellini<\/a> al canale ufficiale H2Biz.<\/em><\/strong><\/p>\n","protected":false},"excerpt":{"rendered":"<p>Federico Cervellini concentra i primi anni della propria carriera intorno al settore della sicurezza e, dopo aver collaborato con importanti clienti in Italia, si trasferisce negli Emirati Arabi Uniti gestendo il settore Corporate Affairs di MBM Group. La carriera di Federico Cervellini all&#8217;interno dei confini nazionali Federico Cervellini nasce nel 1974 e inizia la propria [&hellip;]<\/p>\n","protected":false},"author":40,"featured_media":0,"comment_status":"open","ping_status":"open","sticky":false,"template":"","format":"standard","meta":{"footnotes":""},"categories":[29],"tags":[],"class_list":["post-12412","post","type-post","status-publish","format-standard","hentry","category-comunicati"],"_links":{"self":[{"href":"https:\/\/www.area-press.eu\/comunicatistampa\/wp-json\/wp\/v2\/posts\/12412","targetHints":{"allow":["GET"]}}],"collection":[{"href":"https:\/\/www.area-press.eu\/comunicatistampa\/wp-json\/wp\/v2\/posts"}],"about":[{"href":"https:\/\/www.area-press.eu\/comunicatistampa\/wp-json\/wp\/v2\/types\/post"}],"author":[{"embeddable":true,"href":"https:\/\/www.area-press.eu\/comunicatistampa\/wp-json\/wp\/v2\/users\/40"}],"replies":[{"embeddable":true,"href":"https:\/\/www.area-press.eu\/comunicatistampa\/wp-json\/wp\/v2\/comments?post=12412"}],"version-history":[{"count":1,"href":"https:\/\/www.area-press.eu\/comunicatistampa\/wp-json\/wp\/v2\/posts\/12412\/revisions"}],"predecessor-version":[{"id":12415,"href":"https:\/\/www.area-press.eu\/comunicatistampa\/wp-json\/wp\/v2\/posts\/12412\/revisions\/12415"}],"wp:attachment":[{"href":"https:\/\/www.area-press.eu\/comunicatistampa\/wp-json\/wp\/v2\/media?parent=12412"}],"wp:term":[{"taxonomy":"category","embeddable":true,"href":"https:\/\/www.area-press.eu\/comunicatistampa\/wp-json\/wp\/v2\/categories?post=12412"},{"taxonomy":"post_tag","embeddable":true,"href":"https:\/\/www.area-press.eu\/comunicatistampa\/wp-json\/wp\/v2\/tags?post=12412"}],"curies":[{"name":"wp","href":"https:\/\/api.w.org\/{rel}","templated":true}]}}