{"id":12359,"date":"2016-07-21T13:52:53","date_gmt":"2016-07-21T11:52:53","guid":{"rendered":"http:\/\/www.area-press.eu\/comunicatistampa\/?p=12359"},"modified":"2016-07-21T13:52:53","modified_gmt":"2016-07-21T11:52:53","slug":"dopo-33-edizioni-la-gran-fondo-val-casies-si-rinnova-nuovo-passaggio-a-tesido-bz-ma-distanze-immutate","status":"publish","type":"post","link":"https:\/\/www.area-press.eu\/comunicatistampa\/2016\/07\/21\/dopo-33-edizioni-la-gran-fondo-val-casies-si-rinnova-nuovo-passaggio-a-tesido-bz-ma-distanze-immutate\/","title":{"rendered":"Dopo 33 Edizioni La Gran Fondo Val Casies Si Rinnova, Nuovo Passaggio A Tesido (Bz) Ma Distanze Immutate"},"content":{"rendered":"<p>Gran Fondo Val Casies (BZ) 2017 il 18 e 19 febbraio<\/p>\n<p>Un nuovo tratto sale a Tesido ma le distanze di 30 e 42 km non cambieranno<\/p>\n<p>Le iscrizioni corrono veloci, gi\u00e0 assegnato il 30% dei pettorali totali del 2016<\/p>\n<p>Opuscolo con programma dell\u2019evento nel dettaglio online il 1\u00b0 settembre<\/p>\n<p>&nbsp;<\/p>\n<p>&nbsp;<\/p>\n<p>\u201cNon sempre cambiare equivale a migliorare, ma per migliorare bisogna cambiare\u201d, diceva Sir Winston Churchill, e dopo ben 33 edizioni l\u2019itinerario di gara della Gran Fondo Val Casies verr\u00e0 modificato e perfezionato, presentandosi in una veste inedita il 18 e 19 febbraio prossimi.<\/p>\n<p>La fine di un\u2019era segna l\u2019inizio di una successiva: \u201cFedeli a questo motto, noi organizzatori \u2013 dice il presidente Walter Felderer &#8211; stiamo gi\u00e0 lavorando alla programmazione della 34\u1d43 edizione. Attualmente siamo concentrati nell\u2019implementazione di alcune importanti innovazioni, relative al tracciato in primo luogo\u201d.<\/p>\n<p>E appunto la novit\u00e0 assoluta della granfondo altoatesina sugli sci stretti sar\u00e0 il passaggio della pista in localit\u00e0 Tesido, nel comune di Monguelfo-Tesido (BZ), ma la Gran Fondo Val Casies \u00e8 anche \u201ctradizione\u201d, e infatti \u00a0questa modifica non porter\u00e0 cambiamenti sostanziali nelle lunghezze dei percorsi, i tracciati di 30 e 42 km non subiranno variazioni nelle distanze poich\u00e9 in zona Colle verr\u00e0 eliminato un tratto che far\u00e0 corrispondere il conto totale del chilometraggio a quello degli anni passati. I pi\u00f9 curiosi potranno gi\u00e0 consultare piste ed altimetrie al link di riferimento: <a href=\"http:\/\/www.valcasies.com\/it\/info-gara\/percorso\">www.valcasies.com\/it\/info-gara\/percorso<\/a>, nel segno della puntualit\u00e0 ed efficienza di un comitato organizzatore che non lascia nulla al caso, anche a diversi mesi di distanza dalla gara.<\/p>\n<p>L\u2019introduzione del nuovo tratto comporta l\u2019attraversamento della strada provinciale che sale da Monguelfo a Casies, ma in futuro sar\u00e0 realizzato un sottopasso cos\u00ec da rendere la pista permanente e fruibile anche dagli appassionati e dai turisti.<\/p>\n<p>Cambia ovviamente il dislivello, perch\u00e9 dall\u2019attuale giro di boa sud la gara salir\u00e0 fino a Tesido in continua ascesa, ma allo scollinamento la vista ne guadagna decisamente.<\/p>\n<p>L\u2019affezione dei fondisti verso la ski-marathon altoatesina \u00e8 importante, nonostante la calura di questi giorni le iscrizioni per la sfida del prossimo anno procedono sostenute: ad oggi \u00e8 gi\u00e0 stato assegnato il 30% dei pettorali totali della scorsa edizione, con gi\u00e0 17 differenti nazioni previste ai nastri di partenza per il 18 e 19 febbraio 2017.<\/p>\n<p>Le partecipazioni, aperte e fruibili dal 24 febbraio, di questo passo si appresteranno a replicare i numeri eclatanti della scorsa edizione, quando si registr\u00f2 la presenza di quasi 2500 sportivi provenienti da 39 nazioni.<\/p>\n<p>Nell\u2019edizione 2016 l\u2019atleta della Forestale Mirco Bertolina si aggiudic\u00f2 la gara in tecnica libera, sopravanzando all\u2019inizio dell\u2019ultima e decisiva salita il bicampione olimpico Giorgio Di Centa, mentre il sabato in tecnica classica fu il fondista \u201cdi casa\u201d Dietmar N\u00f6ckler ad alzare le braccia al cielo, scongiurando il poderoso tentativo di rimonta del ceco Jiri Rocarek. Le donne ad esaltarsi nelle \u2018lunghe distanze\u2019 furono Valentina Shevchenko e Katerina Smutna, mentre le vittorie \u201ccorte\u201d furono appannaggio dei cechi Jiri Rocarek in tecnica libera e Miroslav Rypl in tecnica classica, con Jessica M\u00fcller ad imporsi nella medesima specialit\u00e0 e distanza di Rypl e la veronese Debora Roncari ad esultare in tecnica libera.<\/p>\n<p>L\u2019opuscolo con il programma nel dettaglio dell\u2019edizione del 18 e 19 febbraio e di tutte le iniziative di contorno sar\u00e0 disponibile al sito web della Gran Fondo Val Casies a partire dal 1\u00b0 settembre.<\/p>\n<p>Per iscrizioni ed informazioni aggiuntive consultare il sito: <a href=\"http:\/\/www.valcasies.com\/\">www.valcasies.com<\/a><\/p>\n","protected":false},"excerpt":{"rendered":"<p>Gran Fondo Val Casies (BZ) 2017 il 18 e 19 febbraio Un nuovo tratto sale a Tesido ma le distanze di 30 e 42 km non cambieranno Le iscrizioni corrono veloci, gi\u00e0 assegnato il 30% dei pettorali totali del 2016 Opuscolo con programma dell\u2019evento nel dettaglio online il 1\u00b0 settembre &nbsp; &nbsp; \u201cNon sempre cambiare [&hellip;]<\/p>\n","protected":false},"author":15,"featured_media":0,"comment_status":"open","ping_status":"open","sticky":false,"template":"","format":"standard","meta":{"footnotes":""},"categories":[15],"tags":[],"class_list":["post-12359","post","type-post","status-publish","format-standard","hentry","category-sport"],"_links":{"self":[{"href":"https:\/\/www.area-press.eu\/comunicatistampa\/wp-json\/wp\/v2\/posts\/12359","targetHints":{"allow":["GET"]}}],"collection":[{"href":"https:\/\/www.area-press.eu\/comunicatistampa\/wp-json\/wp\/v2\/posts"}],"about":[{"href":"https:\/\/www.area-press.eu\/comunicatistampa\/wp-json\/wp\/v2\/types\/post"}],"author":[{"embeddable":true,"href":"https:\/\/www.area-press.eu\/comunicatistampa\/wp-json\/wp\/v2\/users\/15"}],"replies":[{"embeddable":true,"href":"https:\/\/www.area-press.eu\/comunicatistampa\/wp-json\/wp\/v2\/comments?post=12359"}],"version-history":[{"count":1,"href":"https:\/\/www.area-press.eu\/comunicatistampa\/wp-json\/wp\/v2\/posts\/12359\/revisions"}],"predecessor-version":[{"id":12360,"href":"https:\/\/www.area-press.eu\/comunicatistampa\/wp-json\/wp\/v2\/posts\/12359\/revisions\/12360"}],"wp:attachment":[{"href":"https:\/\/www.area-press.eu\/comunicatistampa\/wp-json\/wp\/v2\/media?parent=12359"}],"wp:term":[{"taxonomy":"category","embeddable":true,"href":"https:\/\/www.area-press.eu\/comunicatistampa\/wp-json\/wp\/v2\/categories?post=12359"},{"taxonomy":"post_tag","embeddable":true,"href":"https:\/\/www.area-press.eu\/comunicatistampa\/wp-json\/wp\/v2\/tags?post=12359"}],"curies":[{"name":"wp","href":"https:\/\/api.w.org\/{rel}","templated":true}]}}