{"id":12321,"date":"2016-07-21T04:20:51","date_gmt":"2016-07-21T02:20:51","guid":{"rendered":"http:\/\/www.area-press.eu\/comunicatistampa\/?p=12321"},"modified":"2016-07-21T04:20:51","modified_gmt":"2016-07-21T02:20:51","slug":"mancin-riprende-la-salita-da-cabar","status":"publish","type":"post","link":"https:\/\/www.area-press.eu\/comunicatistampa\/2016\/07\/21\/mancin-riprende-la-salita-da-cabar\/","title":{"rendered":"MANCIN RIPRENDE LA SALITA DA \u010cABAR"},"content":{"rendered":"<h2>Il driver polesano, archiviate le parentesi del Dolomiti Rally Day e dello Slalom dei Colli Euganei, sbarca in Croazia sul proprio naturale terreno di caccia al volante della Saxo.<\/h2>\n<p><strong>Riv\u00e0 (Ro), 20 Luglio 2016<\/strong> \u2013 Dopo essersi positivamente distinto, nel recente passato, in varie discipline dell&#8217;automobilismo sportivo, saltando dal Dolomiti Rally Day alla vittoria nello Slalom dei Colli Euganei con la ritrovata Peugeot 205 Rallye gruppo A, Michele Mancin torna al vero ed incondizionato amore: la salita.<br \/>\nDopo tre anni di tentativi, non andati a buon fine per via di impegni concomitanti di campionato, il portacolori di Mach 3 Sport riuscir\u00e0 ad accogliere l&#8217;invito degli amici croati che lo hanno voluto fortemente al via della Cronoscalata di \u010cabar, in programma per il prossimo fine settimana.<br \/>\nUn motivo di forte orgoglio per il pilota di Riv\u00e0 che ha indubbiamente lasciato il segno nelle due campagne extra confine, nel campionato sloveno ed in quello austriaco, il quale si prepara a risiedersi nell&#8217;abitacolo della rivitalizzata Citroen Saxo gruppo A.<\/p>\n<blockquote><p>\u201cSiamo tanto felici quanto ansiosi di partire per la Croazia\u201d \u2013 racconta Mancin \u2013 \u201csoprattutto perch\u00e8 posso finalmente onorare l&#8217;invito degli amici organizzatori che da tre anni cercano di farmi essere al via del loro evento. Purtroppo la loro salita non ha mai fatto parte dei campionati che seguivo pertanto non abbiamo mai avuto la reale possibilit\u00e0 di esserci. Grazie a questo anno sabbatico, che stiamo vivendo su partecipazioni spot, abbiamo colto al volo l&#8217;occasione e questo fine settimana saremo della partita con la nostra Citroen Saxo gruppo A che \u00e8 appena stata rimessa a nuovo dai ragazzi di Mach 3 Sport\u201d.<\/p><\/blockquote>\n<p>La Cronoscalata di \u010cabar, nella quale il driver polesano sar\u00e0 all&#8217;esordio, si articola su un percorso di circa cinque chilometri, abbastanza veloci, con tornanti, agevoli solo all&#8217;apparenza, a spezzare il ritmo.<br \/>\nSede dell&#8217;evento \u00e8 la cittadina croata di \u010cabar, nella regione litoraneo montana, situata a ridosso del confine con la Slovenia la quale, durante la seconda guerra mondiale, sotto occupazione italiana dal 1941 al 1943, venne denominata Concanera.<br \/>\nCon il numero 59 sulle fiancate della trazione anteriore transalpina Mancin si dovr\u00e0 scontrare con gli agguerriti locali e con i protagonisti della serie FIA Central European Zone.<\/p>\n<blockquote><p>\u201cIl percorso \u00e8 per noi totalmente sconosciuto\u201d \u2013 aggiunge Mancin \u2013 \u201cma da quel che abbiamo potuto studiare a tavolino stiamo parlando di un tracciato con una velocit\u00e0 media interessante, frammentato da una serie di tornanti che non vanno sottovalutati. Scorrendo l&#8217;elenco iscritti abbiamo individuato nomi che ben conosciamo e dai quali dovremo difenderci con il coltello tra i denti. La validit\u00e0 per la serie FIA Central European Zone porter\u00e0 sicuramente in Croazia altri pretendenti alla vittoria finale e tutto ci\u00f2 contribuir\u00e0 ad alzare l&#8217;asticella. Chiaramente, trovandoci nel nostro habitat naturale, cercheremo di fare tutto quanto \u00e8 possibile per puntare alla vittoria anche se raggiungere questo obiettivo, quando si affronta una gara per la prima volta, non \u00e8 mai cosa facile. A dire il vero avevamo detto la stessa cosa prima dello Slalom dei Colli Euganei e Citt\u00e0 di Este. Speriamo di tornare dalla Croazia con lo stesso risultato\u201d.<\/p><\/blockquote>\n","protected":false},"excerpt":{"rendered":"<p>Il driver polesano, archiviate le parentesi del Dolomiti Rally Day e dello Slalom dei Colli Euganei, sbarca in Croazia sul proprio naturale terreno di caccia al volante della Saxo. Riv\u00e0 (Ro), 20 Luglio 2016 \u2013 Dopo essersi positivamente distinto, nel recente passato, in varie discipline dell&#8217;automobilismo sportivo, saltando dal Dolomiti Rally Day alla vittoria nello [&hellip;]<\/p>\n","protected":false},"author":100,"featured_media":0,"comment_status":"open","ping_status":"open","sticky":false,"template":"","format":"standard","meta":{"footnotes":""},"categories":[15],"tags":[8753,1037,8754,737,733],"class_list":["post-12321","post","type-post","status-publish","format-standard","hentry","category-sport","tag-cabar","tag-citroen-saxo","tag-fia-central-european-zone","tag-mach-3-sport","tag-michele-mancin"],"_links":{"self":[{"href":"https:\/\/www.area-press.eu\/comunicatistampa\/wp-json\/wp\/v2\/posts\/12321","targetHints":{"allow":["GET"]}}],"collection":[{"href":"https:\/\/www.area-press.eu\/comunicatistampa\/wp-json\/wp\/v2\/posts"}],"about":[{"href":"https:\/\/www.area-press.eu\/comunicatistampa\/wp-json\/wp\/v2\/types\/post"}],"author":[{"embeddable":true,"href":"https:\/\/www.area-press.eu\/comunicatistampa\/wp-json\/wp\/v2\/users\/100"}],"replies":[{"embeddable":true,"href":"https:\/\/www.area-press.eu\/comunicatistampa\/wp-json\/wp\/v2\/comments?post=12321"}],"version-history":[{"count":2,"href":"https:\/\/www.area-press.eu\/comunicatistampa\/wp-json\/wp\/v2\/posts\/12321\/revisions"}],"predecessor-version":[{"id":12323,"href":"https:\/\/www.area-press.eu\/comunicatistampa\/wp-json\/wp\/v2\/posts\/12321\/revisions\/12323"}],"wp:attachment":[{"href":"https:\/\/www.area-press.eu\/comunicatistampa\/wp-json\/wp\/v2\/media?parent=12321"}],"wp:term":[{"taxonomy":"category","embeddable":true,"href":"https:\/\/www.area-press.eu\/comunicatistampa\/wp-json\/wp\/v2\/categories?post=12321"},{"taxonomy":"post_tag","embeddable":true,"href":"https:\/\/www.area-press.eu\/comunicatistampa\/wp-json\/wp\/v2\/tags?post=12321"}],"curies":[{"name":"wp","href":"https:\/\/api.w.org\/{rel}","templated":true}]}}