{"id":12310,"date":"2016-07-21T04:19:26","date_gmt":"2016-07-21T02:19:26","guid":{"rendered":"http:\/\/www.area-press.eu\/comunicatistampa\/?p=12310"},"modified":"2016-07-21T04:19:26","modified_gmt":"2016-07-21T02:19:26","slug":"giir-di-mont-da-correre-e-da-vivere-ancora-pochi-posti-disponibili-per-iscriversi","status":"publish","type":"post","link":"https:\/\/www.area-press.eu\/comunicatistampa\/2016\/07\/21\/giir-di-mont-da-correre-e-da-vivere-ancora-pochi-posti-disponibili-per-iscriversi\/","title":{"rendered":"Giir di Mont da correre e da vivere, ancora pochi posti disponibili per iscriversi"},"content":{"rendered":"<p>Premana (LC) metter\u00e0 in scena il 24\u00b0 Giir di Mont il 31 luglio<\/p>\n<p>Sui 12 alpeggi premanesi si \u2018respira\u2019 la corsa in montagna<\/p>\n<p>Skymarathon di 32 km e Mini SkyRace di 20 km<\/p>\n<p>Giir di Mont parte del circuito La Sportiva Mountain Running Cup<\/p>\n<p>&nbsp;<\/p>\n<p>&nbsp;<\/p>\n<p>Un paese che fa della corsa in montagna la propria anima, Premana (LC) ha visto nascere il primo Giir di Mont nel 1961 ed il 31 luglio prossimo regaler\u00e0 ai corridori la 24\u1d43 edizione, una localit\u00e0 che ha ospitato inoltre quattro campionati italiani di corsa in montagna, vantando anche due premanesi campioni del mondo negli anni \u201980, una passione che coinvolge gli sportivi da oltre 70 anni. 12 alpeggi, residenze estive degli abitanti di Premana, persone fermamente \u2018attaccate\u2019 alle baite e al proprio territorio, 30 associazioni di volontariato che spaziano in ogni settore e bisogno: dalla congiunzione di questi tre elementi \u00e8 nato il Giir di Mont, la skyrace lombarda pi\u00f9 longeva in assoluto, sottolineano con fierezza gli organizzatori dell\u2019AS Premana.<\/p>\n<p>Nel corso degli anni la passione per lo sport, la capacit\u00e0 imprenditoriale e comunicativa della sua gente, l\u2019interesse delle maggiori aziende che supportano l\u2019evento, hanno fatto s\u00ec che il Giir di Mont sia cresciuto come manifestazione a livello esponenziale, diventando un vero e proprio appuntamento \u2018cult\u2019 per gli appassionati della corsa in montagna. Ulteriore ingrediente di una torta vincente, la presenza di tanti campioni, spinti dalla fama ottenuta dal Giir di Mont attraverso campionati nazionali e internazionali di skyrunning, oltrech\u00e9 dal notevole montepremi fornito dal comitato organizzatore.<\/p>\n<p>Ma la competizione podistica vede proiettati ai nastri di partenza anche tanti amatori, coccolati dai servizi garantiti che un evento di tale portata ha come asso nella manica: golosi buffet, ristori generosi, percorsi allestiti ad arte, assistenza lungo il tracciato, attenzione ad ogni dettaglio riguardante parcheggi ed alloggio, ed ecco nascere un cocktail vincente che ha dato vita a numeri inimmaginabili una decina d\u2019anni fa: 1000 atleti, 5000 persone sul percorso di cui 500 volontari, 500 persone alloggiate in valle, 300 persone sulla cima Coppi premanese, assembramento di pubblico su tutti gli alpeggi, questo \u00e8 ci\u00f2 che gli appassionati troveranno a Premana il 31 luglio, poich\u00e9 tanto si pu\u00f2 scrivere, tanto si pu\u00f2 raccontare ma, sottolineano gli organizzatori del Giir: \u201cIl biglietto da visita migliore \u00e8 invitarvi a salire a vivere il Giir di Mont, perch\u00e9 il Giir si vive, non si guarda o si corre\u201d. L\u2019unica raccomandazione da parte del comitato riguarda alcuni dettagli da seguire con attenzione: \u201cLa gara si svolge su di un piccolo paese di montagna, per cui consigliamo di fare attenzione a tutte le comunicazioni su iscrizioni, pernottamenti, bus navetta e tutto ci\u00f2 che serve per arrivare nei tempi previsti a Premana\u201d.<\/p>\n<p>Il Giir di Mont del 31 luglio sar\u00e0 prova ambita del circuito La Sportiva Mountain Running Cup.<\/p>\n<p>Per tutte le informazioni e le comunicazioni di servizio i corridori e gli appassionati potranno visitare il sito web completamente rinnovato <a href=\"http:\/\/www.giirdimont.it\/\">www.giirdimont.it<\/a> e la pagina Facebook del \u201cGiir\u201d pi\u00f9 amato d\u2019Italia, iscrivendosi per sfruttare i pochissimi posti ancora disponibili al sito <a href=\"http:\/\/www.tds-live.com\/\">www.tds-live.com<\/a> sia per la SkyMarathon di 32 km sia per la Mini SkyRace di 20 km. Le iscrizioni dovranno pervenire entro le ore 20 di mercoled\u00ec 27 luglio.<\/p>\n<p>&nbsp;<\/p>\n","protected":false},"excerpt":{"rendered":"<p>Premana (LC) metter\u00e0 in scena il 24\u00b0 Giir di Mont il 31 luglio Sui 12 alpeggi premanesi si \u2018respira\u2019 la corsa in montagna Skymarathon di 32 km e Mini SkyRace di 20 km Giir di Mont parte del circuito La Sportiva Mountain Running Cup &nbsp; &nbsp; Un paese che fa della corsa in montagna la [&hellip;]<\/p>\n","protected":false},"author":15,"featured_media":0,"comment_status":"open","ping_status":"open","sticky":false,"template":"","format":"standard","meta":{"footnotes":""},"categories":[15],"tags":[],"class_list":["post-12310","post","type-post","status-publish","format-standard","hentry","category-sport"],"_links":{"self":[{"href":"https:\/\/www.area-press.eu\/comunicatistampa\/wp-json\/wp\/v2\/posts\/12310","targetHints":{"allow":["GET"]}}],"collection":[{"href":"https:\/\/www.area-press.eu\/comunicatistampa\/wp-json\/wp\/v2\/posts"}],"about":[{"href":"https:\/\/www.area-press.eu\/comunicatistampa\/wp-json\/wp\/v2\/types\/post"}],"author":[{"embeddable":true,"href":"https:\/\/www.area-press.eu\/comunicatistampa\/wp-json\/wp\/v2\/users\/15"}],"replies":[{"embeddable":true,"href":"https:\/\/www.area-press.eu\/comunicatistampa\/wp-json\/wp\/v2\/comments?post=12310"}],"version-history":[{"count":1,"href":"https:\/\/www.area-press.eu\/comunicatistampa\/wp-json\/wp\/v2\/posts\/12310\/revisions"}],"predecessor-version":[{"id":12311,"href":"https:\/\/www.area-press.eu\/comunicatistampa\/wp-json\/wp\/v2\/posts\/12310\/revisions\/12311"}],"wp:attachment":[{"href":"https:\/\/www.area-press.eu\/comunicatistampa\/wp-json\/wp\/v2\/media?parent=12310"}],"wp:term":[{"taxonomy":"category","embeddable":true,"href":"https:\/\/www.area-press.eu\/comunicatistampa\/wp-json\/wp\/v2\/categories?post=12310"},{"taxonomy":"post_tag","embeddable":true,"href":"https:\/\/www.area-press.eu\/comunicatistampa\/wp-json\/wp\/v2\/tags?post=12310"}],"curies":[{"name":"wp","href":"https:\/\/api.w.org\/{rel}","templated":true}]}}