{"id":12272,"date":"2016-07-21T04:19:24","date_gmt":"2016-07-21T02:19:24","guid":{"rendered":"http:\/\/www.area-press.eu\/comunicatistampa\/?p=12272"},"modified":"2016-07-21T04:19:24","modified_gmt":"2016-07-21T02:19:24","slug":"assisi-suono-sacro-giunge-alla-sua-quarta-edizione","status":"publish","type":"post","link":"https:\/\/www.area-press.eu\/comunicatistampa\/2016\/07\/21\/assisi-suono-sacro-giunge-alla-sua-quarta-edizione\/","title":{"rendered":"ASSISI SUONO SACRO giunge alla sua quarta edizione"},"content":{"rendered":"<p><strong>Assisi Suono Sacro<\/strong> (21 luglio \u2013 8 agosto) giunge alla sua quarta edizione e, in concomitanza con due importanti ricorrenze assisane come gli 800 anni del Perdono e il trentennale dello Spirito di Assisi, ha deciso di dedicare il proprio Festival ad un\u2019indagine molto particolare, quella dell\u2019<strong>Artista Illuminato<\/strong>: nell\u2019era tanto discussa dei talent, Assisi Suono Sacro si chiede se possa esistere un Artista che sia punto di riferimento, faro e modello per l\u2019oggi e per il domani. A questa ricerca saranno dedicati, novit\u00e0 di questa edizione, i corsi di perfezionamento dal 1\u00b0 all\u20198 agosto affidati a docenti e musicisti di respiro nazionale e internazionale. In programma del Festival una prima parte di eventi e concerto dal 21 luglio al 1\u00b0 agosto, mentre il periodo dall\u20191 al 7 \u00e8 dedicato interamente ai corsi con le performance dei docenti e degli allievi. Centrali le prime esecuzioni internazionali, come quelle di Lucio Gregoretti, Maurzio Erbi, Marco Lucidi, Cork Maul, Dana Richardson Herbert Deutsch, che rispondono alla vocazione laboratoriale e di <em>faro<\/em> sulla contemporaneit\u00e0 di questo Festival.<\/p>\n<p>Il concerto inaugurale, il 22 luglio al Palazzo di Monte Frumentario, <em>Misericordiae et Pietas<\/em>, sar\u00e0 in collaborazione con la Long Island Composers Alliace di New York e con l\u2019italiana Mep: l\u2019Ensemble Assisi Suono Sacro, la soprano e compositrice Matelda Viola e The Hidden City ensemble proporranno musiche di autori italiani e americani che hanno fatto dell\u2019indagine fra musica e spiritualit\u00e0 il proprio cavallo di battaglia. Il 25 luglio, in collaborazione con il Festival Cracovia Sacra, verr\u00e0 proposto un concerto per voce ed organo, protagonista la soprano Dominika Zamara, fra grandi classici e autori della contemporaneit\u00e0. Uno sguardo al passato ed una ricerca per il futuro al centro dell\u2019appuntamento del 30 luglio realizzato dallo Studio Viceversa e dedicato a <em>432 Hertz: re\/voluzione musicale.02<\/em>: alla ricerca di quella intonazione aurea capace di mettere in risonanza la musica con l\u2019essere umano nel profondo. Torna il 6 agosto l\u2019appuntamento con l\u2019Opera Theater of Philadelphia, in collaborazione con Adagio Art Agency: presso la Basilica Superiore di San Francesco su musiche di Hildegard von Binden e Mariano Garau, l\u2019omaggio delle giovanissime interpreti e allieve di Karen Lauria Saillant sar\u00e0 dedicato agli scritti di Hildegard, di san Bernardo di Clairvaux e di altri mistici alla <em>Vergine nera<\/em>.<\/p>\n<p>&nbsp;<\/p>\n<p>In via di definizione, il 3 settembre, un grande appuntamento organizzato con la Comunit\u00e0 di Sant\u2019Egidio presso il teatro Lyrick con il <em>Cantico e lo spirito di Assisi<\/em>, un lavoro musicale di Andrea Ceccomori dedicato alla grande opera di poesia e misticismo di San Francesco, il pi\u00f9 grande omaggio alla Misericordia della storia della letteratura e della Chiesa. Protagonisti Andrea Ceccomori e l\u2019Ensemble Assisi Suono Sacro. Un concerto che anticipa e lancia il trentennale dello Spirito di Assisi promosso dalla Comunit\u00e0 di Sant\u2019Egidio.<\/p>\n<p>&nbsp;<\/p>\n<p>Due gli appuntamenti dedicati ad arte e natura: il 31 luglio, in collaborazione con il Cai, sar\u00e0 organizzato un evento fra trekking e musica, una camminata con concerto finale dell\u2019Infinitum Ensemble Giovanile Assisi Suono Sacro. Ancora sar\u00e0 l\u2019Ensemble Giovanile nato all\u2019interno del Festival protagonista il 1\u00b0 agosto di un appuntamento al Terzo Paradiso preso il Bosco di San Francesco di Assisi dall\u2019emblematico titolo di <em>Musica per uomini e bestie<\/em>.<\/p>\n<p>&nbsp;<\/p>\n<p>Fra i convegni e le tavole rotonde, centrale quella in programma il 23 luglio e dedicata ad indagare il tema del Festival, la ricerca \u201cPer un artista illuminato\u201d. In programma anche un incontro, il 21 luglio, dal titolo \u201cAmbiente sano, ambiente sacro: dall\u2019ecologia del suono all\u2019ecosistema\u201d che vuole mettere in parallelo i principi dell\u2019armonia in musica con le esigenze sempre di armonia dell\u2019ecosistema.<\/p>\n<p>&nbsp;<\/p>\n<p>Le principali location assisane coinvolte saranno la Basilica Superiore di San Francesco, il Palazzo Monte Frumentario, il Fai Bosco di San Francesco, la Rocca Maggiore, la Chiesa di Santa Maria Maggiore, la sala Santa Chiarella.<\/p>\n<p>&nbsp;<\/p>\n<p>Focus di questo Festival, quindi, l\u2019artista, insomma, come pensatore e come maestro, come espressione e punto di riferimento per una cultura e per un popolo, in continuit\u00e0 con la tradizione ma anche profetico rispetto all\u2019epoca contemporanea. In un contest storico in cui sempre pi\u00f9 spesso l\u2019artista \u00e8 ingranaggio di logiche commerciali e non professionali, infatti, sempre pi\u00f9 forte \u00e8 l\u2019esigenza della riscoperta di un senso che restituisca valore, significato e prospettive ad una figura, quella dell\u2019artista, che altrimenti rischia pesantemente di perdere i propri riferimenti professionali e il proprio senso collettivo.<\/p>\n<p>&nbsp;<\/p>\n<p>L\u2019edizione Assisi Suono Sacro 2016, prodotta in collaborazione con Keysound, gode del Patrocinio e della collaborazione del Comune di Assisi, della Diocesi di Assisi, delle Citt\u00e0 Unesco, ed \u00e8 sostenuta da Ragione Umbria, Fondazione Cassa Risparmio di Perugia, Banca Mediolanum, Banca Popolare di Spoleto e Avis. Fra le collaborazioni che hanno supportato e supportano il Festival: GreenX, Federtour, Adagio Art Agency, Corriere dell\u2019Umbria, Rete Sole, Avi News, Reale Mutua, ma anche festival come quello di Cracovia Sacra, i Cavalieri della Pace, Convivio con l\u2019Arte, Absollitaly, Bertoni Editore. Fra i partner con cui sono previste collaborazioni, ricordiamo: Aucc, Avis, CAI sez. di Perugia, Lav, Caritas.<\/p>\n<p>&nbsp;<\/p>\n","protected":false},"excerpt":{"rendered":"<p>Assisi Suono Sacro (21 luglio \u2013 8 agosto) giunge alla sua quarta edizione e, in concomitanza con due importanti ricorrenze assisane come gli 800 anni del Perdono e il trentennale dello Spirito di Assisi, ha deciso di dedicare il proprio Festival ad un\u2019indagine molto particolare, quella dell\u2019Artista Illuminato: nell\u2019era tanto discussa dei talent, Assisi Suono [&hellip;]<\/p>\n","protected":false},"author":864,"featured_media":0,"comment_status":"open","ping_status":"open","sticky":false,"template":"","format":"standard","meta":{"footnotes":""},"categories":[3,12],"tags":[8731,3223,8730],"class_list":["post-12272","post","type-post","status-publish","format-standard","hentry","category-arte-e-cultura","category-musica","tag-artista-illuminato","tag-assisi","tag-assisi-suono-sacro-2016"],"_links":{"self":[{"href":"https:\/\/www.area-press.eu\/comunicatistampa\/wp-json\/wp\/v2\/posts\/12272","targetHints":{"allow":["GET"]}}],"collection":[{"href":"https:\/\/www.area-press.eu\/comunicatistampa\/wp-json\/wp\/v2\/posts"}],"about":[{"href":"https:\/\/www.area-press.eu\/comunicatistampa\/wp-json\/wp\/v2\/types\/post"}],"author":[{"embeddable":true,"href":"https:\/\/www.area-press.eu\/comunicatistampa\/wp-json\/wp\/v2\/users\/864"}],"replies":[{"embeddable":true,"href":"https:\/\/www.area-press.eu\/comunicatistampa\/wp-json\/wp\/v2\/comments?post=12272"}],"version-history":[{"count":2,"href":"https:\/\/www.area-press.eu\/comunicatistampa\/wp-json\/wp\/v2\/posts\/12272\/revisions"}],"predecessor-version":[{"id":12274,"href":"https:\/\/www.area-press.eu\/comunicatistampa\/wp-json\/wp\/v2\/posts\/12272\/revisions\/12274"}],"wp:attachment":[{"href":"https:\/\/www.area-press.eu\/comunicatistampa\/wp-json\/wp\/v2\/media?parent=12272"}],"wp:term":[{"taxonomy":"category","embeddable":true,"href":"https:\/\/www.area-press.eu\/comunicatistampa\/wp-json\/wp\/v2\/categories?post=12272"},{"taxonomy":"post_tag","embeddable":true,"href":"https:\/\/www.area-press.eu\/comunicatistampa\/wp-json\/wp\/v2\/tags?post=12272"}],"curies":[{"name":"wp","href":"https:\/\/api.w.org\/{rel}","templated":true}]}}