{"id":12269,"date":"2016-07-21T04:19:24","date_gmt":"2016-07-21T02:19:24","guid":{"rendered":"http:\/\/www.area-press.eu\/comunicatistampa\/?p=12269"},"modified":"2016-07-21T04:19:24","modified_gmt":"2016-07-21T02:19:24","slug":"nuzzo-indaga-sullesistenza-della-papessa","status":"publish","type":"post","link":"https:\/\/www.area-press.eu\/comunicatistampa\/2016\/07\/21\/nuzzo-indaga-sullesistenza-della-papessa\/","title":{"rendered":"Nuzzo indaga sull&#8217;esistenza della papessa"},"content":{"rendered":"<p>Il giornalista Dario Nuzzo ha parlato durante il programma Mistero Adventure, andata in onda lo scorso mercoled\u00ec 13 luglio su Italia 1, di un evento nella storia della Chiesa che non tutti conoscono: la vicenda della papessa Giovanna.<\/p>\n<p>La leggenda della Papessa, riportata anche in un recente film, narra di una donna di origini inglesi, che sembra riusc\u00ec a fingersi monaco per molti anni fino ad arrivare, persino a farsi eleggere Papa nell\u2019855.<\/p>\n<p>Il segreto di Giovanna pare fu scoperto durante una processione nei pressi della chiesa di S. Giovanni in Laterano a Roma, quando, quasi come segno della divina provvidenza, la donna all\u2019improvviso partor\u00ec in pubblico, morendo subito dopo insieme al suo neonato.<\/p>\n<p>Giovanna pass\u00f2 cos\u00ec alla storia come la generatrice dell\u2019Anticristo.<\/p>\n<p>Proprio nella Chiesa di S. Giovanni in Laterano, la pi\u00f9 antica basilica d\u2019Occidente e prima tra le basiliche papali, \u00e8 custodita una particolare sedia con foro centrale, passata alla storia come la sedia stercoraria. Le fonti dicono che questa sedia fosse usata, fino al \u2018500, per verificare il sesso del neopapa eletto\u2026<\/p>\n<p>Il barone d&#8217;Holbach, per esempio, nella sua \u201cTeologia portatile o Dizionario abbreviato della Religione Cristiana\u201d definiva la sedia stercoraria una \u201csedia bucata su cui il pontefice appena eletto pone le sue sacre terga, affinch\u00e9 possa essere verificato il suo sesso, onde evitare l&#8217;inconveniente di una papessa&#8221;.<\/p>\n<p>Ma allora perch\u00e9 la necessit\u00e0 di una simile pratica? Il gesto rituale non pu\u00f2 non farci pensare alla vicenda della Papessa Giovanna. Solo pura coincidenza? E come mai una sedia simile \u00e8 conservata proprio in San Giovanni? Forse di questa storia continueremo ancora a parlare, ma ogni nuovo elemento che si aggiunge alla leggenda, la tinge sicuramente sempre pi\u00f9 di nuovo fascino\u2026<\/p>\n","protected":false},"excerpt":{"rendered":"<p>Il giornalista Dario Nuzzo ha parlato durante il programma Mistero Adventure su Italia 1 di un evento nella storia della Chiesa che non tutti conoscono: la vicenda della papessa Giovanna, una donna di origini inglesi, che sembra riusc\u00ec a fingersi monaco per molti anni fino ad arrivare, persino a farsi eleggere Papa nell\u2019855<\/p>\n","protected":false},"author":3264,"featured_media":0,"comment_status":"open","ping_status":"open","sticky":false,"template":"","format":"standard","meta":{"footnotes":""},"categories":[29],"tags":[],"class_list":["post-12269","post","type-post","status-publish","format-standard","hentry","category-comunicati"],"_links":{"self":[{"href":"https:\/\/www.area-press.eu\/comunicatistampa\/wp-json\/wp\/v2\/posts\/12269","targetHints":{"allow":["GET"]}}],"collection":[{"href":"https:\/\/www.area-press.eu\/comunicatistampa\/wp-json\/wp\/v2\/posts"}],"about":[{"href":"https:\/\/www.area-press.eu\/comunicatistampa\/wp-json\/wp\/v2\/types\/post"}],"author":[{"embeddable":true,"href":"https:\/\/www.area-press.eu\/comunicatistampa\/wp-json\/wp\/v2\/users\/3264"}],"replies":[{"embeddable":true,"href":"https:\/\/www.area-press.eu\/comunicatistampa\/wp-json\/wp\/v2\/comments?post=12269"}],"version-history":[{"count":1,"href":"https:\/\/www.area-press.eu\/comunicatistampa\/wp-json\/wp\/v2\/posts\/12269\/revisions"}],"predecessor-version":[{"id":12270,"href":"https:\/\/www.area-press.eu\/comunicatistampa\/wp-json\/wp\/v2\/posts\/12269\/revisions\/12270"}],"wp:attachment":[{"href":"https:\/\/www.area-press.eu\/comunicatistampa\/wp-json\/wp\/v2\/media?parent=12269"}],"wp:term":[{"taxonomy":"category","embeddable":true,"href":"https:\/\/www.area-press.eu\/comunicatistampa\/wp-json\/wp\/v2\/categories?post=12269"},{"taxonomy":"post_tag","embeddable":true,"href":"https:\/\/www.area-press.eu\/comunicatistampa\/wp-json\/wp\/v2\/tags?post=12269"}],"curies":[{"name":"wp","href":"https:\/\/api.w.org\/{rel}","templated":true}]}}