{"id":12257,"date":"2016-07-19T11:18:55","date_gmt":"2016-07-19T09:18:55","guid":{"rendered":"http:\/\/www.area-press.eu\/comunicatistampa\/?p=12257"},"modified":"2016-07-19T11:18:55","modified_gmt":"2016-07-19T09:18:55","slug":"il-latium-festival-avra-il-logo-del-giubileo-della-misericordia","status":"publish","type":"post","link":"https:\/\/www.area-press.eu\/comunicatistampa\/2016\/07\/19\/il-latium-festival-avra-il-logo-del-giubileo-della-misericordia\/","title":{"rendered":"Il Latium\u00a0 Festival avr\u00e0 il logo del Giubileo della Misericordia"},"content":{"rendered":"<p><strong><em>L\u2019ambito riconoscimento \u00e8 stato comunicato da Monsignor Rino Fisichella al Presidente Tommaso Ducci, mentre si stanno ultimando i preparativi dell\u2019edizione 2016 in programma dal 26 Luglio al 7 Agosto. Attesi 8 gruppi internazionali da tutti i Continenti.<\/em><\/strong><\/p>\n<p><strong>Sar\u00e0 un Latium Festival \u2013 Musiche e Danze popolari del mondo per una cultura della Pace <\/strong>&#8211; <strong>CIOFF\u00ae edizione 2016 <\/strong><strong>targato Giubileo della Misericordia \u2013 Misericordes Sicut Pater.\u00a0 <\/strong>Il Festival di Cori \u2013 e non solo \u2013 ha ottenuto il patrocinio dell\u2019evento pi\u00f9 importante dell\u2019anno. L\u2019Arcivescovo Rino Fisichella, Presidente del Pontificio Consiglio per la Nuova Evangelizzazione, nominato da Papa Francesco guida del Giubileo della Misericordia, lo ha comunicato personalmente al Presidente Tommaso Ducci, che ne aveva fatto richiesta: <strong><em>\u00abRilevando l\u2019indubbio valore culturale dell\u2019iniziativa, con piacere concedo il patrocinio di questo Dicastero all\u2019iniziativa. Al contempo, autorizzo l\u2019uso del logo ufficiale del Giubileo\u00bb.<\/em><\/strong><\/p>\n<p><strong>Grande soddisfazione da parte degli organizzatori ufficiali del Festival, in primis il Comune di Cori, la Pro Loco di Cori e l\u2019Associazione Culturale \u201cFestival della Collina\u201d di Cori.<\/strong> <em>\u00abNell\u2019ambito delle cose che saranno organizzate durante l\u2019edizione 2016 della kermesse del folklore mondiale legata al <strong>CIOFF\u00ae <\/strong>e all\u2019UNESCO <\/em>&#8211; spiega Ducci \u2013<em> abbiamo ritenuto necessario insieme all\u2019Amministrazione comunale di Cori chiedere questo patrocinio. Cos\u00ec abbiamo scritto una lettera al Rev.mo Monsignor Rino Fisichella, pensando che il Festival non solo dovesse essere promosso nell\u2019ambito del Giubileo della Misericordia, ma avere anche il marchio\u00bb.<\/em><\/p>\n<p><strong>La risposta non era scontata: per ottenere questo patrocinio bisogna organizzare iniziative in linea con lo spirito del Giubileo, in attinenza con la pace e il dialogo interculturale \u2013 tra le altre cose \u2013 e senza fini di lucro<\/strong>. <em>\u00abPotremo mettere il marchio del Giubileo nei manifesti, nella brochure, nei pieghevoli \u2013<\/em> continua Ducci <em>&#8211; usarlo per le iniziative\u00bb.<\/em> Sempre per\u00f2 dopo il placet del Vaticano, molto scrupoloso da questo punto di vista, perch\u00e9 il logo \u00e8 ambito. Il prestigioso riconoscimento \u00e8 giunto dopo l\u2019adesione della <strong>Presidenza della Repubblica<\/strong> e dei Patrocini della <strong>Commissione Nazionale Giovani per l\u2019Unesco<\/strong>, dall\u2019<strong>Associazione Europea delle Vie Francigene, <\/strong>del <strong>Comitato Via Francigena del Sud<\/strong> e dalla <strong>Fondazione Roffredo Caetani di Sermoneta. <\/strong><\/p>\n<p><strong>Tutto ci\u00f2 mentre si stanno effettuando gli ultimi preparativi prima dell\u2019inizio del <\/strong><a href=\"http:\/\/www.latiumfestival.it\/\"><strong>Latium Festival<\/strong><\/a><strong> 2016 che si svolger\u00e0 dal 26 Luglio al 7 Agosto, e che ospiter\u00e0 8 gruppi internazionali provenienti da tutti i Continenti<\/strong>. Un\u2019edizione che si prospetta tra le pi\u00f9 interessanti di sempre. Nell\u2019anno in cui Papa Francesco invita i fedeli a riscoprire i Cammini di Fede e a compiere un breve pellegrinaggio verso la Porta Santa, come segno del desiderio profondo di vera conversione, appello promosso anche dal Presidente della Regione Lazio, Nicola Zingaretti, <strong>l\u2019Organizzazione del <\/strong><strong>Latium Festival ha predisposto una serie di iniziative per il raggiungimento degli obiettivi giubilari.<\/strong><\/p>\n<p>In particolare, la mattina del 3 Agosto, <strong>tutti i gruppi del Festival parteciperanno all\u2019Udienza pubblica di Sua Santit\u00e0 in Vaticano<\/strong>, con il sostegno spirituale di Don Giorgio Lucaci. Nella mattinata del 7 Agosto invece sar\u00e0 celebrata la <strong>Messa Solenne<\/strong><strong> domenicale<\/strong>, sempre da don Giorgio Lucaci, <strong>presso la Collegiata di Santa Maria della Piet\u00e0 a Cori<\/strong>, una delle pi\u00f9 antiche ed importanti chiese della citt\u00e0 coinvolte nei secoli passati dai Cammini di Fede, con la partecipazione diretta dei gruppi internazionali, tra letture e canti, anche di diversa estrazione religiosa, all\u2019insegna della pace, del dialogo interculturale ed interreligioso.<\/p>\n<p>Infine, il 3 Agosto si terr\u00e0 la <strong>Conferenza:<\/strong> \u201c<strong>Pellegrini, ponte tra mondi diversi\u201d <\/strong>con l\u2019intervento di rappresentanti della Chiesa, della Diocesi Latina &#8211; Terracina &#8211; Sezze &#8211; Priverno e di esperti nel campo dei cammini e delle tradizioni popolari, come il dott. Marco Aguiari, Presidente del Comitato Via Francigena del Sud, oltre all\u2019evento <strong>\u201cMille Passi lungo la Via Francigena\u201d<\/strong> con la riscoperta in ambito locale delle chiese visitate nei secoli dai pellegrini e dei maggiori monumenti architettonici di Cori. <strong><em>\u00abAbbinando il Latium Festival al Giubileo della Misericordi<\/em><\/strong><em>a<\/em> \u2013 conclude Ducci &#8211; <strong><em>avremo un grande valore aggiunto dal punto di vista della promozione territoriale\u00bb.<\/em><\/strong><\/p>\n<p><em><a href=\"http:\/\/ufficiostampaolmr.wix.com\/marcocastaldi\">Marco Castaldi<\/a><\/em><\/p>\n<p><em><a href=\"http:\/\/ufficiostampaolmr.wix.com\/marcocastaldi\">Addetto Stampa &amp; OLMR<\/a><\/em><\/p>\n","protected":false},"excerpt":{"rendered":"<p>L\u2019ambito riconoscimento \u00e8 stato comunicato da Monsignor Rino Fisichella al Presidente Tommaso Ducci, mentre si stanno ultimando i preparativi dell\u2019edizione 2016 in programma dal 26 Luglio al 7 Agosto. Attesi 8 gruppi internazionali da tutti i Continenti. Sar\u00e0 un Latium Festival \u2013 Musiche e Danze popolari del mondo per una cultura della Pace &#8211; CIOFF\u00ae [&hellip;]<\/p>\n","protected":false},"author":659,"featured_media":0,"comment_status":"open","ping_status":"open","sticky":false,"template":"","format":"standard","meta":{"footnotes":""},"categories":[3],"tags":[],"class_list":["post-12257","post","type-post","status-publish","format-standard","hentry","category-arte-e-cultura"],"_links":{"self":[{"href":"https:\/\/www.area-press.eu\/comunicatistampa\/wp-json\/wp\/v2\/posts\/12257","targetHints":{"allow":["GET"]}}],"collection":[{"href":"https:\/\/www.area-press.eu\/comunicatistampa\/wp-json\/wp\/v2\/posts"}],"about":[{"href":"https:\/\/www.area-press.eu\/comunicatistampa\/wp-json\/wp\/v2\/types\/post"}],"author":[{"embeddable":true,"href":"https:\/\/www.area-press.eu\/comunicatistampa\/wp-json\/wp\/v2\/users\/659"}],"replies":[{"embeddable":true,"href":"https:\/\/www.area-press.eu\/comunicatistampa\/wp-json\/wp\/v2\/comments?post=12257"}],"version-history":[{"count":1,"href":"https:\/\/www.area-press.eu\/comunicatistampa\/wp-json\/wp\/v2\/posts\/12257\/revisions"}],"predecessor-version":[{"id":12258,"href":"https:\/\/www.area-press.eu\/comunicatistampa\/wp-json\/wp\/v2\/posts\/12257\/revisions\/12258"}],"wp:attachment":[{"href":"https:\/\/www.area-press.eu\/comunicatistampa\/wp-json\/wp\/v2\/media?parent=12257"}],"wp:term":[{"taxonomy":"category","embeddable":true,"href":"https:\/\/www.area-press.eu\/comunicatistampa\/wp-json\/wp\/v2\/categories?post=12257"},{"taxonomy":"post_tag","embeddable":true,"href":"https:\/\/www.area-press.eu\/comunicatistampa\/wp-json\/wp\/v2\/tags?post=12257"}],"curies":[{"name":"wp","href":"https:\/\/api.w.org\/{rel}","templated":true}]}}