{"id":12255,"date":"2016-07-19T11:18:55","date_gmt":"2016-07-19T09:18:55","guid":{"rendered":"http:\/\/www.area-press.eu\/comunicatistampa\/?p=12255"},"modified":"2016-07-19T11:18:55","modified_gmt":"2016-07-19T09:18:55","slug":"46-giorni-alla-marcialonga-running-coop-iscrizioni-aperte-per-correre-in-fiemme-e-fassa-tn","status":"publish","type":"post","link":"https:\/\/www.area-press.eu\/comunicatistampa\/2016\/07\/19\/46-giorni-alla-marcialonga-running-coop-iscrizioni-aperte-per-correre-in-fiemme-e-fassa-tn\/","title":{"rendered":"46 giorni alla Marcialonga Running Coop Iscrizioni aperte per correre in Fiemme e Fassa (tn)"},"content":{"rendered":"<p>Marcialonga Running Coop il 4 settembre<\/p>\n<p>Iscrizioni a 25 euro fino al 28 luglio con Run Belt in omaggio<\/p>\n<p>Tanti premi per i vincitori messi a disposizione dagli sponsor<\/p>\n<p>Sabato alle 17.30 la Minirunning a Moena anticiper\u00e0 la sfida \u2018regina\u2019<\/p>\n<p>&nbsp;<\/p>\n<p>&nbsp;<\/p>\n<p>46 giorni alla Marcialonga Running Coop, una sfida podistica che corre via veloce come\u2026 Valentino Rossi.<\/p>\n<p>Archiviata la decima scoppiettante edizione della Cycling Craft, Marcialonga \u00e8 ora pronta a librarsi e a prendere il volo assieme alla Running Coop del 4 settembre, ultima \u2018fatica\u2019 dell\u2019anno per il comitato organizzatore ed ultima gioia per gli atleti, i quali potranno inoltre conoscere quale posizionamento saranno riusciti ad ottenere nella Combinata Punto3 Craft, la classifica che somma i tempi degli sportivi nelle sfide annuali made in Marcialonga.<\/p>\n<p>I runners partiranno da Moena in Val di Fassa (TN), start anche della storica ski-marathon invernale che il 29 gennaio 2017 festegger\u00e0 la quarantaquattresima edizione, proseguendo verso i centri abitati della Val di Fiemme, percorrendo la pista ciclabile che costeggia il fluire del torrente Avisio, prima dell\u2019impennata finale che condurr\u00e0 nel cuore di Cavalese e al traguardo di Via Bronzetti, fermando il conto totale dei chilometri a 26. Le iscrizioni per partecipare alla Marcialonga Running Coop sono aperte, con la quota agevolata di 25 euro a disposizione dei podisti fino al 28 luglio, per poi subire un leggero innalzamento. Il comitato organizzatore ha inoltre svelato lo speciale premio di partecipazione che ogni concorrente ricever\u00e0 in omaggio, si tratta della Run Belt, un accessorio irrinunciabile per tutti i runners: leggero e funzionale, dotato di doppia tasca per portare tutto ci\u00f2 che i corridori necessitano durante i propri allenamenti o passeggiate.<\/p>\n<p>Le premiazioni si terranno alle ore 13.30 a Cavalese in Piazza Italia e sar\u00e0 buona norma essere personalmente presenti a ritirare il premio, anche perch\u00e9 saranno seguite dall\u2019estrazione di ricchi omaggi offerti dagli sponsors e dai commercianti di zona. Verranno premiati i primi 10 della graduatoria assoluta maschile e femminile oltre ai primi tre per categorie d\u2019et\u00e0. Riconoscimenti speciali saranno concessi ai primi che transiteranno al traguardo Sprint Enervit di Lago di Tesero e alla Mezza Maratona Salomon di Masi di Cavalese, un premio Sportler andr\u00e0 alla societ\u00e0 pi\u00f9 numerosa, mentre la speciale graduatoria Combinata Punto3 Craft 2016 per i primi tre classificati assoluti maschili e femminili e le prime tre squadre maschili e femminili dopo le sfide di sci di fondo, bici e corsa, metter\u00e0 a disposizione trofei gentilmente offerti dallo sponsor Craft.<\/p>\n<p>La competizione dei grandi verr\u00e0 anticipata il sabato dalla Minirunning una gara podistica promozionale non competitiva dedicata a tutti i giovani atleti di et\u00e0 compresa tra i 6 e i 12 anni.<\/p>\n<p>Una manifestazione ideata e studiata per regalare attimi di divertimento a valligiani, turisti in Fiemme e Fassa e figli dei runners, i quali potranno lasciare i propri bambini in assoluta sicurezza e in un\u2019atmosfera di giocosit\u00e0 e benessere, tagliando il traguardo come i \u2018grandi\u2019 della Marcialonga Running Coop.<\/p>\n<p>Le iscrizioni dei ragazzi si potranno effettuare direttamente presso l&#8217;Ufficio Gare nel Teatro Navalge di Moena dove riceveranno anche un simpatico ricordo della manifestazione. Alle ore 17.30 lo start della mini-sfida, lungo un percorso di 600 metri nel centro di Moena, che non presenta alcuna difficolt\u00e0 tecnica ed \u00e8 dunque praticabile anche dai pi\u00f9 piccoli. La corsa verso la terza sfida Marcialonga \u00e8 partita, non resta che inseguirla.<\/p>\n<p>Info: <a href=\"http:\/\/www.marcialonga.it\/\">www.marcialonga.it<\/a><\/p>\n<p>&nbsp;<\/p>\n","protected":false},"excerpt":{"rendered":"<p>Marcialonga Running Coop il 4 settembre Iscrizioni a 25 euro fino al 28 luglio con Run Belt in omaggio Tanti premi per i vincitori messi a disposizione dagli sponsor Sabato alle 17.30 la Minirunning a Moena anticiper\u00e0 la sfida \u2018regina\u2019 &nbsp; &nbsp; 46 giorni alla Marcialonga Running Coop, una sfida podistica che corre via veloce [&hellip;]<\/p>\n","protected":false},"author":15,"featured_media":0,"comment_status":"open","ping_status":"open","sticky":false,"template":"","format":"standard","meta":{"footnotes":""},"categories":[15],"tags":[],"class_list":["post-12255","post","type-post","status-publish","format-standard","hentry","category-sport"],"_links":{"self":[{"href":"https:\/\/www.area-press.eu\/comunicatistampa\/wp-json\/wp\/v2\/posts\/12255","targetHints":{"allow":["GET"]}}],"collection":[{"href":"https:\/\/www.area-press.eu\/comunicatistampa\/wp-json\/wp\/v2\/posts"}],"about":[{"href":"https:\/\/www.area-press.eu\/comunicatistampa\/wp-json\/wp\/v2\/types\/post"}],"author":[{"embeddable":true,"href":"https:\/\/www.area-press.eu\/comunicatistampa\/wp-json\/wp\/v2\/users\/15"}],"replies":[{"embeddable":true,"href":"https:\/\/www.area-press.eu\/comunicatistampa\/wp-json\/wp\/v2\/comments?post=12255"}],"version-history":[{"count":1,"href":"https:\/\/www.area-press.eu\/comunicatistampa\/wp-json\/wp\/v2\/posts\/12255\/revisions"}],"predecessor-version":[{"id":12256,"href":"https:\/\/www.area-press.eu\/comunicatistampa\/wp-json\/wp\/v2\/posts\/12255\/revisions\/12256"}],"wp:attachment":[{"href":"https:\/\/www.area-press.eu\/comunicatistampa\/wp-json\/wp\/v2\/media?parent=12255"}],"wp:term":[{"taxonomy":"category","embeddable":true,"href":"https:\/\/www.area-press.eu\/comunicatistampa\/wp-json\/wp\/v2\/categories?post=12255"},{"taxonomy":"post_tag","embeddable":true,"href":"https:\/\/www.area-press.eu\/comunicatistampa\/wp-json\/wp\/v2\/tags?post=12255"}],"curies":[{"name":"wp","href":"https:\/\/api.w.org\/{rel}","templated":true}]}}