{"id":12164,"date":"2016-07-16T21:41:14","date_gmt":"2016-07-16T19:41:14","guid":{"rendered":"http:\/\/www.area-press.eu\/comunicatistampa\/?p=12164"},"modified":"2018-10-28T18:56:30","modified_gmt":"2018-10-28T17:56:30","slug":"crowdfunding-webserie-ninja","status":"publish","type":"post","link":"https:\/\/www.area-press.eu\/comunicatistampa\/2016\/07\/16\/crowdfunding-webserie-ninja\/","title":{"rendered":"Crowdfunding Webserie Ninja!"},"content":{"rendered":"<h2>Crowdfunding Webserie Ninja!<\/h2>\n<p>&nbsp;<\/p>\n<p>Crowdfunding Webserie Ninja! Prenderanno il via ad Ottobre 2016 le riprese della mini serie action\/horror \u201cNinja Zombie Slayer\u201d prodotta dalla Safety First Films\/Paige.<\/p>\n<p>La serie vedr\u00e0 per la prima volta incontrarsi le due icone cinematografiche, ninja e zombie, in quello che pu\u00f2 essere definito il precursore di un nuovo scontro tra anti-eroi.<br \/>\nLa regia, cos\u00ec come la scrittura e la realizzazione della colonna sonora originale, sono affidate a Paolo Giacometti (esordiente al secondo lavoro professionale, dopo alcuni corti amatoriali), cultore del cinema horror e dei classici film sulle arti marziali in voga durante gli anni 80.\u00a0Il cast artistico vede tra le sue fila la partecipazione di marzialisti e giovani attori affiancati da un cast tecnico di giovani professionisti appassionati.<\/p>\n<p>E\u2019 appena partita la campagna di crowdfunding su Eppela per sostenere la realizzazione di questa serie \/ film. Potete contribuire scegleindo tra le ricompense o potete fare una donazione. Se non volete partecipare direttamente, potete optare per la condivisione, molto preziosa per portare avanti la campagna con successo.<br \/>\nSi prospetta un prodotto unico nel suo genere, che riserver\u00e0 tante sorprese e perch\u00e9 no, anche qualche risata. La campagna \u00e8 attiva da oggi su <a href=\"https:\/\/www.eppela.com\/it\/projects\/9124-ninja-zombie-slayer\">Eppela<\/a>:\u00a0https:\/\/www.eppela.com\/it\/projects\/9124-ninja-zombie-slayer<\/p>\n<p>Visitate anche il sito ufficiale ninjazombieslayer.it e il sito della community filmconininja.it<\/p>\n","protected":false},"excerpt":{"rendered":"<p>Crowdfunding Webserie Ninja! &nbsp; Crowdfunding Webserie Ninja! Prenderanno il via ad Ottobre 2016 le riprese della mini serie action\/horror \u201cNinja Zombie Slayer\u201d prodotta dalla Safety First Films\/Paige. La serie vedr\u00e0 per la prima volta incontrarsi le due icone cinematografiche, ninja e zombie, in quello che pu\u00f2 essere definito il precursore di un nuovo scontro tra [&hellip;]<\/p>\n","protected":false},"author":3254,"featured_media":0,"comment_status":"open","ping_status":"open","sticky":false,"template":"","format":"standard","meta":{"footnotes":""},"categories":[3],"tags":[],"class_list":["post-12164","post","type-post","status-publish","format-standard","hentry","category-arte-e-cultura"],"_links":{"self":[{"href":"https:\/\/www.area-press.eu\/comunicatistampa\/wp-json\/wp\/v2\/posts\/12164","targetHints":{"allow":["GET"]}}],"collection":[{"href":"https:\/\/www.area-press.eu\/comunicatistampa\/wp-json\/wp\/v2\/posts"}],"about":[{"href":"https:\/\/www.area-press.eu\/comunicatistampa\/wp-json\/wp\/v2\/types\/post"}],"author":[{"embeddable":true,"href":"https:\/\/www.area-press.eu\/comunicatistampa\/wp-json\/wp\/v2\/users\/3254"}],"replies":[{"embeddable":true,"href":"https:\/\/www.area-press.eu\/comunicatistampa\/wp-json\/wp\/v2\/comments?post=12164"}],"version-history":[{"count":5,"href":"https:\/\/www.area-press.eu\/comunicatistampa\/wp-json\/wp\/v2\/posts\/12164\/revisions"}],"predecessor-version":[{"id":35926,"href":"https:\/\/www.area-press.eu\/comunicatistampa\/wp-json\/wp\/v2\/posts\/12164\/revisions\/35926"}],"wp:attachment":[{"href":"https:\/\/www.area-press.eu\/comunicatistampa\/wp-json\/wp\/v2\/media?parent=12164"}],"wp:term":[{"taxonomy":"category","embeddable":true,"href":"https:\/\/www.area-press.eu\/comunicatistampa\/wp-json\/wp\/v2\/categories?post=12164"},{"taxonomy":"post_tag","embeddable":true,"href":"https:\/\/www.area-press.eu\/comunicatistampa\/wp-json\/wp\/v2\/tags?post=12164"}],"curies":[{"name":"wp","href":"https:\/\/api.w.org\/{rel}","templated":true}]}}