{"id":11730,"date":"2016-07-08T03:13:08","date_gmt":"2016-07-08T01:13:08","guid":{"rendered":"http:\/\/www.area-press.eu\/comunicatistampa\/?p=11730"},"modified":"2016-07-08T03:13:08","modified_gmt":"2016-07-08T01:13:08","slug":"a-caramanico-lincontro-verso-un-nuovo-modello-di-sviluppo","status":"publish","type":"post","link":"https:\/\/www.area-press.eu\/comunicatistampa\/2016\/07\/08\/a-caramanico-lincontro-verso-un-nuovo-modello-di-sviluppo\/","title":{"rendered":"A Caramanico l&#8217;incontro &#8220;Verso un Nuovo Modello di Sviluppo&#8221;\u00a0"},"content":{"rendered":"<p>Venerdi 8 luglio alle ore 18, presso l\u2019Auditorium San Domenico di Caramanico Terme (Pe), si terr\u00e0 l&#8217;incontro ascolto \u201cVerso un Nuovo Modello di Sviluppo\u201d organizzato da Sel\/SI Abruzzo.<\/p>\n<p>Interverranno Mario Mazzocca, Sottosegretario alla Presidenza della Giunta Regionale \u00a0con delega all\u2019Ambiente &#8211; Capogruppo Sel\/SI, e Marco Furfaro, membro della Segreteria Nazionale Sel. Introdurr\u00e0 la conversazione Rita Silvaggi, Assessore all&#8217;Ambiente di Caramanico Terme. Modera Luca Prosperi, giornalista Ansa.<\/p>\n<p>&#8220;Si tratta di un interessante incontro dal tema &#8220;Verso un nuovo modello di sviluppo&#8221; &#8211; spiega Silvaggi &#8211; Dall&#8217;esperienza locale, che ci vede impegnati nel difficile rilancio dello sviluppo della media montagna attraverso politiche di promozione e valorizzazione del territorio e delle sue enormi risorse, combattendo al contempo scellerate proposte (che puntualmente tornano) di utilizzo sconsiderato della risorsa &#8220;natura, si vuole partire per affermare che ecologia ed economia \u00e8 un paradigma possibile. Siamo convinti, infatti, che proprio in luoghi come questi, ricchi di fascino paesaggistico, di storia millenaria, di biodiversit\u00e0 naturale e agricola ma anche dei tanti sacrifici dei nostri padri e delle nostre madri che tanto rispetto meritano, qui nella montagna di Celestino, vogliamo lanciare la scommessa che un altro futuro, quello sostenibile, \u00e8 possibile, e che le risorse del territorio possono essere volano di sviluppo per le nostre comunit\u00e0, senza che esse vengano sprecate, aggredite e consumate&#8221;.<\/p>\n<p>&#8220;Qui &#8211; conclude l&#8217;Assessore &#8211; se si governa con intelligenza e senso di responsabilit\u00e0, come stanno\u00a0dimostrando il Sottosegretario Mazzocca in Regione e, a livello locale, sindaci illuminati come Simone Angelucci (Caramanico Terme) e Alessandro D&#8217;Ascanio (Roccamorice), \u00e8 possibile creare opportunit\u00e0 di lavoro nel rispetto della nostra montagna e consegnare alle future generazioni aria e acqua pulita, suolo fertile e bellezza del paesaggio incontaminata. Tutto ci\u00f2 con un grande sguardo all&#8217;intero pianeta. La nostra non \u00e8 solo una scelta, oggi men che meno &#8220;ideologica&#8221;, bens\u00ec un dovere per noi amministratori, attuare politiche di riconversione ecologica dell&#8217;economia, tanto urgentemente necessaria quanto possibile&#8221;.<\/p>\n<p>&nbsp;<\/p>\n","protected":false},"excerpt":{"rendered":"<p>Venerdi 8 luglio alle ore 18, presso l\u2019Auditorium San Domenico di Caramanico Terme (Pe), si terr\u00e0 l&#8217;incontro ascolto \u201cVerso un Nuovo Modello di Sviluppo\u201d organizzato da Sel\/SI Abruzzo. Futuro sostenibile: promozione e valorizzazione del territorio. Interverranno il Sottosegretario Regionale Mazzocca e Marco Furfaro, Segreteria Nazionale Sel.<\/p>\n","protected":false},"author":2966,"featured_media":0,"comment_status":"open","ping_status":"open","sticky":false,"template":"","format":"standard","meta":{"footnotes":""},"categories":[4],"tags":[],"class_list":["post-11730","post","type-post","status-publish","format-standard","hentry","category-attualita-e-societa"],"_links":{"self":[{"href":"https:\/\/www.area-press.eu\/comunicatistampa\/wp-json\/wp\/v2\/posts\/11730","targetHints":{"allow":["GET"]}}],"collection":[{"href":"https:\/\/www.area-press.eu\/comunicatistampa\/wp-json\/wp\/v2\/posts"}],"about":[{"href":"https:\/\/www.area-press.eu\/comunicatistampa\/wp-json\/wp\/v2\/types\/post"}],"author":[{"embeddable":true,"href":"https:\/\/www.area-press.eu\/comunicatistampa\/wp-json\/wp\/v2\/users\/2966"}],"replies":[{"embeddable":true,"href":"https:\/\/www.area-press.eu\/comunicatistampa\/wp-json\/wp\/v2\/comments?post=11730"}],"version-history":[{"count":3,"href":"https:\/\/www.area-press.eu\/comunicatistampa\/wp-json\/wp\/v2\/posts\/11730\/revisions"}],"predecessor-version":[{"id":11733,"href":"https:\/\/www.area-press.eu\/comunicatistampa\/wp-json\/wp\/v2\/posts\/11730\/revisions\/11733"}],"wp:attachment":[{"href":"https:\/\/www.area-press.eu\/comunicatistampa\/wp-json\/wp\/v2\/media?parent=11730"}],"wp:term":[{"taxonomy":"category","embeddable":true,"href":"https:\/\/www.area-press.eu\/comunicatistampa\/wp-json\/wp\/v2\/categories?post=11730"},{"taxonomy":"post_tag","embeddable":true,"href":"https:\/\/www.area-press.eu\/comunicatistampa\/wp-json\/wp\/v2\/tags?post=11730"}],"curies":[{"name":"wp","href":"https:\/\/api.w.org\/{rel}","templated":true}]}}