{"id":11694,"date":"2016-07-06T17:24:54","date_gmt":"2016-07-06T15:24:54","guid":{"rendered":"http:\/\/www.area-press.eu\/comunicatistampa\/?p=11694"},"modified":"2016-07-06T17:24:54","modified_gmt":"2016-07-06T15:24:54","slug":"vernissage-in-grande-stile-della-charly-gaul-personaggi-leggendari-alla-conferenza-di-trento","status":"publish","type":"post","link":"https:\/\/www.area-press.eu\/comunicatistampa\/2016\/07\/06\/vernissage-in-grande-stile-della-charly-gaul-personaggi-leggendari-alla-conferenza-di-trento\/","title":{"rendered":"VERNISSAGE IN GRANDE STILE DELLA \u201cCHARLY GAUL\u201d, PERSONAGGI LEGGENDARI ALLA CONFERENZA DI TRENTO"},"content":{"rendered":"<p>Oggi conferenza stampa a Trento de \u201cLa Leggendaria Charly Gaul UCI Gran Fondo World Series\u201d<\/p>\n<p>Diretta RAI il 17 luglio dalle 11 alle 12.45. Presentate anche \u2018Crono\u2019 e \u2018Moserissima\u2019<\/p>\n<p>Sono intervenuti la direttrice dell\u2019Apt Trento Elda Verones e l\u2019assessore allo sport Andrea Robol<\/p>\n<p>Presenti anche gli sportivi Aldo e Francesco Moser, Jury Chechi, Kristian Ghedina, Janes e Tamanini<\/p>\n<p>&nbsp;<\/p>\n<p>&nbsp;<\/p>\n<p>Oggi a Trento, nel giardino antistante il Palazzo delle Albere, una villa-fortezza del XVI secolo costruita dai principi vescovi Madruzzo, ed il MUSE, il museo delle scienze trentino, storia e modernit\u00e0 si sono fuse per la conferenza stampa degli eventi de \u201cLa Leggendaria Charly Gaul\u201d, dal 15 al 17 luglio sulle strade del Trentino.<\/p>\n<p>Sono intervenuti Elda Verones, la direttrice dell\u2019Apt Trento, Monte Bondone, Valle dei Laghi, il \u201cSignore degli Anelli\u201d Jury Chechi, Kristian Ghedina, il pi\u00f9 vittorioso discesista italiano nella storia della Coppa del Mondo di sci alpino, l\u2019assessore allo sport del Comune di Trento Andrea Robol, Aldo e Francesco Moser, storia del ciclismo trentino, italiano ed internazionale, con quest\u2019ultimo ad essere a tutt\u2019oggi il ciclista italiano con il maggior numero di successi all\u2019attivo, ben 273. Erano presenti anche l\u2019ex ciclista su strada italiana, professionista dal 1999 al 2013, Luisa Tamanini, e l\u2019eterno protagonista del mondo del ciclismo Silvano Janes, nonch\u00e9 uno dei realizzatori dei percorsi rispettivamente di 141 km e 4000 metri di dislivello e 57 km e 2000 metri di dislivello de \u201cLa Leggendaria Charly Gaul UCI Gran Fondo World Series\u201d, una competizione la cui organizzazione sta ultimando ogni dettaglio, sfide che saranno arricchite anche dalla cronometro di Cavedine del 15 luglio e da \u201cLa Moserissima\u201d del 16 luglio.<\/p>\n<p>Il 10 luglio alle ore 9.45 su Rai3 Trentino Alto Adige andr\u00e0 in onda \u201cL\u2019attesa\u201d de \u201cLa Leggendaria Charly Gaul\u201d, mentre il 17 luglio su Rai Sport ci sar\u00e0 \u201cLa corsa\u201d per vivere in diretta le fasi salienti della sfida trentina dalle 11 alle 12.45, e in differita in serata dalle 21.45 alle 23.15. Nuovamente su Rai3 Trentino Alto Adige ecco una sintesi conclusiva alle ore 9.45 del 24 luglio.<\/p>\n<p>Il primo a prendere la parola \u00e8 stato l\u2019assessore allo sport del Comune di Trento Andrea Robol, il quale ha raccontato le pratiche \u2018green\u2019 della citt\u00e0: \u201cTrento \u00e8 una citt\u00e0 green che offre molto alla cultura sportiva. L\u2019abbinamento citt\u00e0-turismo passa attraverso i grandi eventi, uno di essi \u00e8 proprio \u201cLa Leggendaria Charly Gaul\u201d, l\u2019Apt di Trento offre attrattivit\u00e0 e conoscenza del nostro territorio, il 17 luglio ci saremo tutti, compreso il sindaco\u201d.<\/p>\n<p>La parola \u00e8 passata poi ai \u2018volti noti\u2019 dello sport trentino, a cominciare da Aldo Moser: \u201cPer la famiglia Moser il ciclismo ha significato la vita. il freddo e la fatica lungo le strade passano, la passione resta. Storica quella giornata sul Bondone quando Charly Gaul vinse in maniera epica, io riuscii ad arrivare al traguardo ma conosco qualcuno che per giungere all\u2019arrivo prese la macchina!\u201d. Francesco Moser ha completato il quadretto familiare ricordando di aver percorso in bicicletta oltre 700.000 chilometri: \u201cQuando le condizioni sono impervie, trema persino la bici dal freddo! Abbiamo fatto gare in condizioni estreme che oggi vengono annullate, allora il nostro mestiere era quello di correre, ci sentivamo in dovere di portarle a termine. Tra interviste e foto di rito, al nostro arrivo negli spogliatoi trovavamo persino le docce fredde, tutti se n\u2019erano gi\u00e0 andati!\u201d. Una parentesi anche sulla gara vintage dedicata alla famiglia Moser, la Moserissima del 16 luglio: \u201cHo sempre usato bici d\u2019acciaio, per questo i corridori dovranno rigorosamente usare bici precedenti il 1987. Due i percorsi con partenza da Trento, ci sar\u00e0 un nuovo tratto della storica Via Claudia Augusta e la strada finale prima di giungere all\u2019arrivo sar\u00e0 completamente in discesa, per la gioia di tutti i concorrenti\u201d.<\/p>\n<p>Elda Verones, la vera artefice di tutto ci\u00f2, ha narrato le peculiarit\u00e0 della sua \u2018invenzione\u2019 e di come \u201cLa Leggendaria Charly Gaul\u201d sia arrivata a questo punto: \u201cLa Leggendaria Charly Gaul nacque nel 2006 con circa 100 concorrenti, successivamente abbiamo aggiunto una tappa a cronometro in Valle dei Laghi, di qualificazione alla finale del Campionato del Mondo amatori e master, mentre la gara principale sar\u00e0 costituita da due percorsi di 141 e 57 km. Nel 2005 grazie ai \u2018bondoneri\u2019 la salita venne intitolata a Charly Gaul, e in quell\u2019occasione decidemmo di far nascere la prima edizione della gara. 42 nazioni partecipanti porteranno un indotto importante alla citt\u00e0 di Trento, oltre a ci\u00f2 filiera corta, impatto zero, eco-sostenibilit\u00e0, sono i presupposti che hanno fatto de \u201cLa Leggendaria Charly Gaul\u201d un grande evento, certificato 100% energia pulita Dolomiti Energia, per un consumo attento delle fonti rinnovabili. Abbiamo introdotto tante novit\u00e0, speriamo che i cicloamatori accorrano in massa, le iscrizioni sono aperte e al link www.laleggendariacharlygaul.it troveranno tutte le informazioni del caso\u201d.<\/p>\n<p>Divertenti siparietti si sono svolti poi fra Jury Chechi e Kristian Ghedina: \u201cA me piace molto anche sciare sul Bondone, qui abbiamo con noi anche un grande campione che ha regalato immense soddisfazioni all\u2019Italia \u2013 dice Chechi &#8211; Come ogni anno ho pedalato in bici meno di quanto avrei voluto, l\u2019obiettivo sar\u00e0 ancora una volta quello di riuscire a scalare il Monte Bondone, per tagliare il traguardo de \u201cLa Leggendaria\u201d. La bicicletta regala paesaggi mozzafiato, a me piace cimentarmi con molte granfondo, ma devo ammettere che l\u2019organizzazione de \u201cLa Leggendaria Charly Gaul\u201d non ha rivali, anche se l\u2019espressione sulla mia faccia mentre salgo il Bondone rispetto a quando scendevo dagli anelli \u00e8 ben diversa!\u201d. Del medesimo parere Kristian Ghedina, seppur proveniente da uno sport differente: \u201cHo corso la \u2018Charly Gaul\u2019 dell\u2019anno scorso con una bicicletta del 1987\u2026 Davvero un\u2019impresa, ma devo dire che oltre alla gara ho apprezzato anche il buon cibo trentino, i ristori erano ottimi!\u201d. A completare gli interventi di una presentazione \u201cda campioni\u201d ci ha pensato l\u2019ex atleta Luisa Tamanini: \u201cLa bicicletta \u00e8 spesso sinonimo di fatica ma anche di tanta soddisfazione, nelle scuole si dovrebbe parlare di pi\u00f9 di sport, per rendere i ragazzi partecipi del mondo reale\u201d. Silvano Janes, volto storico del ciclismo trentino, \u00e8 uno degli artefici dei percorsi \u201cleggendari\u201d dell\u2019evento: \u201cLa difficolt\u00e0 pi\u00f9 grande del tracciato \u00e8 chiaramente la salita: io, Decarli, Simoni e Corradini abbiamo aiutato l\u2019Apt a realizzare gli itinerari, i quali presentano comunque dislivelli importanti, 2000 il \u2018mediofondo\u2019 e 4000 il \u2018granfondo\u2019. La mia carriera \u00e8 conclusa ed ora mi sto dedicando alla scuola di MTB di Pergine (TN), abbiamo una cinquantina di ragazzi da far crescere\u201d.<\/p>\n<p>In chiusura proprio un commento di Janes che richiama la passione indissolubile fra l\u2019atleta ed il proprio mezzo: \u201cLa bicicletta per me \u00e8 lo sport pi\u00f9 bello del mondo. Sei solamente tu e lei, nient\u2019altro\u201d.<\/p>\n<p>Arrivederci al 15, 16 e 17 luglio, per un weekend leggendario.<\/p>\n<p>Info: <a href=\"http:\/\/www.laleggendariacharlygaul.it\/\">www.laleggendariacharlygaul.it<\/a><\/p>\n","protected":false},"excerpt":{"rendered":"<p>Oggi conferenza stampa a Trento de \u201cLa Leggendaria Charly Gaul UCI Gran Fondo World Series\u201d Diretta RAI il 17 luglio dalle 11 alle 12.45. Presentate anche \u2018Crono\u2019 e \u2018Moserissima\u2019 Sono intervenuti la direttrice dell\u2019Apt Trento Elda Verones e l\u2019assessore allo sport Andrea Robol Presenti anche gli sportivi Aldo e Francesco Moser, Jury Chechi, Kristian Ghedina, [&hellip;]<\/p>\n","protected":false},"author":15,"featured_media":0,"comment_status":"open","ping_status":"open","sticky":false,"template":"","format":"standard","meta":{"footnotes":""},"categories":[15],"tags":[],"class_list":["post-11694","post","type-post","status-publish","format-standard","hentry","category-sport"],"_links":{"self":[{"href":"https:\/\/www.area-press.eu\/comunicatistampa\/wp-json\/wp\/v2\/posts\/11694","targetHints":{"allow":["GET"]}}],"collection":[{"href":"https:\/\/www.area-press.eu\/comunicatistampa\/wp-json\/wp\/v2\/posts"}],"about":[{"href":"https:\/\/www.area-press.eu\/comunicatistampa\/wp-json\/wp\/v2\/types\/post"}],"author":[{"embeddable":true,"href":"https:\/\/www.area-press.eu\/comunicatistampa\/wp-json\/wp\/v2\/users\/15"}],"replies":[{"embeddable":true,"href":"https:\/\/www.area-press.eu\/comunicatistampa\/wp-json\/wp\/v2\/comments?post=11694"}],"version-history":[{"count":1,"href":"https:\/\/www.area-press.eu\/comunicatistampa\/wp-json\/wp\/v2\/posts\/11694\/revisions"}],"predecessor-version":[{"id":11695,"href":"https:\/\/www.area-press.eu\/comunicatistampa\/wp-json\/wp\/v2\/posts\/11694\/revisions\/11695"}],"wp:attachment":[{"href":"https:\/\/www.area-press.eu\/comunicatistampa\/wp-json\/wp\/v2\/media?parent=11694"}],"wp:term":[{"taxonomy":"category","embeddable":true,"href":"https:\/\/www.area-press.eu\/comunicatistampa\/wp-json\/wp\/v2\/categories?post=11694"},{"taxonomy":"post_tag","embeddable":true,"href":"https:\/\/www.area-press.eu\/comunicatistampa\/wp-json\/wp\/v2\/tags?post=11694"}],"curies":[{"name":"wp","href":"https:\/\/api.w.org\/{rel}","templated":true}]}}