{"id":11676,"date":"2016-07-06T17:25:45","date_gmt":"2016-07-06T15:25:45","guid":{"rendered":"http:\/\/www.area-press.eu\/comunicatistampa\/?p=11676"},"modified":"2016-07-06T17:25:45","modified_gmt":"2016-07-06T15:25:45","slug":"uscita-leucotea-project-growup-romanzo-desordio-luca-bertelli-lamore-sempre-la-causa","status":"publish","type":"post","link":"https:\/\/www.area-press.eu\/comunicatistampa\/2016\/07\/06\/uscita-leucotea-project-growup-romanzo-desordio-luca-bertelli-lamore-sempre-la-causa\/","title":{"rendered":"In uscita per Leucotea Project \u2013 GrowUp il romanzo d\u2019esordio di Luca Bertelli \u201cL\u2019amore \u00e8 sempre la causa\u201d."},"content":{"rendered":"<p>Convinto di vivere una vita perfetta, parte per una vacanza in Spagna, luogo di ricordi di giovent\u00f9 per riuscire a ritrovare le sensazioni passate.<\/p>\n<p>Il progetto \u00e8 quello di attraversare il paese insieme a Giulietta, la sua inseparabile Vespa, ma quegli occhi, scuri, profondi e che conoscono il dolore diventeranno la sua ossessione.<\/p>\n<p>Non crede pi\u00f9 nell\u2019amore, o forse non ci aveva mai creduto, fino a quando non ritrova quegli occhi e scopre che la persona che li possiede \u00e8 come loro.<\/p>\n<p>Sar\u00e0 una storia intensa, fatta di sensazioni da vivere e di scoperte su se stesso.<\/p>\n<p>Sar\u00e0 una storia tormentata e impossibile fatta per distruggere le anime pi\u00f9 dure, o per fortificare le pi\u00f9 delicate.<\/p>\n<p>Sar\u00e0 gioia e disperazione: perch\u00e9 l\u2019amore \u00e8 sempre la causa.<\/p>\n<p>&nbsp;<\/p>\n<p>Luca Bertelli, autore esordiente, \u00e8 nato a Guastalla. Grafico pubblicitario, ogni qual volta gli \u00e8 possibile parte per un nuovo viaggio, rigorosamente affrontato con la sua due ruote.<\/p>\n<p>&nbsp;<\/p>\n<p>&nbsp;<\/p>\n<p>Titolo: L&#8217;amore \u00e8 sempre la causa<\/p>\n<p>Autore: Luca Bertelli<\/p>\n<p>ISBN 978 88 99067 53 3<\/p>\n<p>Brossura fresata<\/p>\n<p>14,90 \u20ac<\/p>\n<p>144 pagine<\/p>\n","protected":false},"excerpt":{"rendered":"<p>Convinto di vivere una vita perfetta, parte per una vacanza in Spagna, luogo di ricordi di giovent\u00f9 per riuscire a ritrovare le sensazioni passate. Il progetto \u00e8 quello di attraversare il paese insieme a Giulietta, la sua inseparabile Vespa, ma quegli occhi, scuri, profondi e che conoscono il dolore diventeranno la sua ossessione. Non crede [&hellip;]<\/p>\n","protected":false},"author":45,"featured_media":0,"comment_status":"open","ping_status":"open","sticky":false,"template":"","format":"standard","meta":{"footnotes":""},"categories":[18,3,4,29,8],"tags":[576,8458,83,579,8454,1939,8453,8459,575,90,8455,8456,8457],"class_list":["post-11676","post","type-post","status-publish","format-standard","hentry","category-altri-vari","category-arte-e-cultura","category-attualita-e-societa","category-comunicati","category-eventi","tag-amore","tag-due-ruote","tag-ecommerce","tag-edizioni-leucotea","tag-lamore-e-sempre-la-causa","tag-libro","tag-luca-bertelli","tag-motorino","tag-romanzo","tag-shopping-online","tag-spagna","tag-ves","tag-vespa"],"_links":{"self":[{"href":"https:\/\/www.area-press.eu\/comunicatistampa\/wp-json\/wp\/v2\/posts\/11676","targetHints":{"allow":["GET"]}}],"collection":[{"href":"https:\/\/www.area-press.eu\/comunicatistampa\/wp-json\/wp\/v2\/posts"}],"about":[{"href":"https:\/\/www.area-press.eu\/comunicatistampa\/wp-json\/wp\/v2\/types\/post"}],"author":[{"embeddable":true,"href":"https:\/\/www.area-press.eu\/comunicatistampa\/wp-json\/wp\/v2\/users\/45"}],"replies":[{"embeddable":true,"href":"https:\/\/www.area-press.eu\/comunicatistampa\/wp-json\/wp\/v2\/comments?post=11676"}],"version-history":[{"count":1,"href":"https:\/\/www.area-press.eu\/comunicatistampa\/wp-json\/wp\/v2\/posts\/11676\/revisions"}],"predecessor-version":[{"id":11677,"href":"https:\/\/www.area-press.eu\/comunicatistampa\/wp-json\/wp\/v2\/posts\/11676\/revisions\/11677"}],"wp:attachment":[{"href":"https:\/\/www.area-press.eu\/comunicatistampa\/wp-json\/wp\/v2\/media?parent=11676"}],"wp:term":[{"taxonomy":"category","embeddable":true,"href":"https:\/\/www.area-press.eu\/comunicatistampa\/wp-json\/wp\/v2\/categories?post=11676"},{"taxonomy":"post_tag","embeddable":true,"href":"https:\/\/www.area-press.eu\/comunicatistampa\/wp-json\/wp\/v2\/tags?post=11676"}],"curies":[{"name":"wp","href":"https:\/\/api.w.org\/{rel}","templated":true}]}}