{"id":11649,"date":"2016-07-04T15:15:13","date_gmt":"2016-07-04T13:15:13","guid":{"rendered":"http:\/\/www.area-press.eu\/comunicatistampa\/?p=11649"},"modified":"2016-07-04T15:15:13","modified_gmt":"2016-07-04T13:15:13","slug":"si-inaugura-la-quarta-stagione-teatrale-degli-audaci","status":"publish","type":"post","link":"https:\/\/www.area-press.eu\/comunicatistampa\/2016\/07\/04\/si-inaugura-la-quarta-stagione-teatrale-degli-audaci\/","title":{"rendered":"Si inaugura la quarta stagione teatrale degli Audaci"},"content":{"rendered":"<p>\u201cCondividere il Teatro \u00e8 un bene per l\u2019umanit\u00e0\u201d questa la frase che quest\u2019anno contraddistinguer\u00e0 la stagione 2016\/2017 del <strong>Teatro degli Audaci<\/strong>.<\/p>\n<p>Il 12 settembre alle ore 19:00 presso lo stabile del Comune di Roma, sito in via Giuseppe De Santis, 29 il direttore <strong>Flavio De Paola<\/strong>, pluriennale esperienza nell\u2019ambito del teatro, inaugurer\u00e0 questa quarta stagione all\u2019insegna del divertimento e del \u201cbuon\u201d teatro.<\/p>\n<p>Gli spettacoli spazieranno da grandi nomi come Cinzia Leone, Enrico Vanzina, Cinzia Berni, Milena Miconi, Laura Freddi, Grazia Scuccimarra e tanti altri, ad attori emergenti ma di altrettanto talento artistico e professionale.<\/p>\n<p>Una stagione che assicurer\u00e0 al suo affezionatissimo pubblico inaspettate sorprese e tante risate\u2026ma la vera sorpresa \u00e8 l\u2019anteprima assoluta dello spettacolo <strong>\u201cIl Nome della Rosa, ovvero sulla soglia del labirinto\u201d<\/strong> di Umberto Eco, regia ed adattamento di Pablo Maximo Taddei, con Flavio De Paola, Dario Biancone, Emiliano Ottaviani che sar\u00e0 in scena dal 06 al 23 ottobre, proprio per omaggiare il grande scrittore dell\u2019omonimo racconto.<\/p>\n<p>L\u2019attore, Flavio de Paola interpreter\u00e0 Guglielmo e Adso (i protagonisti del racconto) e vivr\u00e0 al centro di una serie di performance complesse, curiose e affascinanti, dove la vocalit\u00e0 sar\u00e0 l\u2019elemento base della musicalit\u00e0 dello spettacolo. Lo accompagneranno, in scena, altri due interpreti Dario Biancone e Emiliano Ottaviani, che moltiplicheranno le presenze con effetti di luce, apparizioni e, ovviamente, timbri vocali: tutti gli attori utilizzeranno, oltre a delle stupefacenti maschere, la tecnica degli \u201cpsicosuoni\u201d che, per chi \u00e8 riuscito a vederlo, \u00e8 stato l\u2019elemento caratterizzante dello spettacolo \u201cNovecento\u201d, grande successo, nonch\u00e9 famoso in tutta Italia per le sue repliche nei teatri pi\u00f9 celebri italiani.<\/p>\n<p>Invece dal 17 al 20 ottobre ci sar\u00e0 una \u201cRassegna di improvvisazione\u201d, dove ogni compagnia, attenendosi ad un tema specifico, si improvviser\u00e0 sul palcoscenico, regalando momenti di vera ilarit\u00e0 e stupore al pubblico in sala!<\/p>\n<p>Non mancher\u00e0, anche questa stagione, dopo il grande successo riportato lo scorso anno, la compagnia dei Saitta, direttamente dalla Sicilia, con due commedie esilaranti: \u201cPensaci Giacomino\u201d di Luigi Pirandello e \u201cL\u2019aria nuova del Continente\u201d di Nino Martoglio.<\/p>\n<p>Inoltre, anche quest\u2019anno il direttore artistico Flavio De Paola trascorrer\u00e0 insieme al suo affezionatissimo pubblico il capodanno 2017 con uno spettacolo a sorpresa, proprio per finire in bellezza e concludere un anno ricco di emozioni!<\/p>\n<p>Alla fine della presentazione del cartellone degli spettacoli 2016\/2017 insieme agli attori, protagonisti di questa strepitosa stagione, si potr\u00e0 degustare un gustosissimo buffet e brindare ad un anno da trascorrere insieme all\u2019insegna della risata e del buon umore!<\/p>\n<p>&nbsp;<\/p>\n<p><strong>Link utili<\/strong><\/p>\n<p><a href=\"http:\/\/www.teatrodegliaudaci.it\/\">http:\/\/www.teatrodegliaudaci.it\/<\/a><\/p>\n","protected":false},"excerpt":{"rendered":"<p>\u201cCondividere il Teatro \u00e8 un bene per l\u2019umanit\u00e0\u201d questa la frase che quest\u2019anno contraddistinguer\u00e0 la stagione 2016\/2017 del Teatro degli Audaci. Il 12 settembre alle ore 19:00 presso lo stabile del Comune di Roma, sito in via Giuseppe De Santis, 29 il direttore Flavio De Paola, pluriennale esperienza nell\u2019ambito del teatro, inaugurer\u00e0 questa quarta stagione [&hellip;]<\/p>\n","protected":false},"author":159,"featured_media":0,"comment_status":"open","ping_status":"open","sticky":false,"template":"","format":"standard","meta":{"footnotes":""},"categories":[8],"tags":[],"class_list":["post-11649","post","type-post","status-publish","format-standard","hentry","category-eventi"],"_links":{"self":[{"href":"https:\/\/www.area-press.eu\/comunicatistampa\/wp-json\/wp\/v2\/posts\/11649","targetHints":{"allow":["GET"]}}],"collection":[{"href":"https:\/\/www.area-press.eu\/comunicatistampa\/wp-json\/wp\/v2\/posts"}],"about":[{"href":"https:\/\/www.area-press.eu\/comunicatistampa\/wp-json\/wp\/v2\/types\/post"}],"author":[{"embeddable":true,"href":"https:\/\/www.area-press.eu\/comunicatistampa\/wp-json\/wp\/v2\/users\/159"}],"replies":[{"embeddable":true,"href":"https:\/\/www.area-press.eu\/comunicatistampa\/wp-json\/wp\/v2\/comments?post=11649"}],"version-history":[{"count":1,"href":"https:\/\/www.area-press.eu\/comunicatistampa\/wp-json\/wp\/v2\/posts\/11649\/revisions"}],"predecessor-version":[{"id":11652,"href":"https:\/\/www.area-press.eu\/comunicatistampa\/wp-json\/wp\/v2\/posts\/11649\/revisions\/11652"}],"wp:attachment":[{"href":"https:\/\/www.area-press.eu\/comunicatistampa\/wp-json\/wp\/v2\/media?parent=11649"}],"wp:term":[{"taxonomy":"category","embeddable":true,"href":"https:\/\/www.area-press.eu\/comunicatistampa\/wp-json\/wp\/v2\/categories?post=11649"},{"taxonomy":"post_tag","embeddable":true,"href":"https:\/\/www.area-press.eu\/comunicatistampa\/wp-json\/wp\/v2\/tags?post=11649"}],"curies":[{"name":"wp","href":"https:\/\/api.w.org\/{rel}","templated":true}]}}