{"id":11627,"date":"2016-07-04T15:15:13","date_gmt":"2016-07-04T13:15:13","guid":{"rendered":"http:\/\/www.area-press.eu\/comunicatistampa\/?p=11627"},"modified":"2016-07-04T15:15:13","modified_gmt":"2016-07-04T13:15:13","slug":"gli-storici-sbandieratori-delle-contrade-di-cori-in-kazakhstan","status":"publish","type":"post","link":"https:\/\/www.area-press.eu\/comunicatistampa\/2016\/07\/04\/gli-storici-sbandieratori-delle-contrade-di-cori-in-kazakhstan\/","title":{"rendered":"Gli Storici Sbandieratori delle Contrade di Cori in Kazakhstan"},"content":{"rendered":"<p><strong><em>Invitati dall\u2019Ambasciatore Italiano nell\u2019Anno della Cultura Italiana in Kazakhstan, saranno ospiti d\u2019eccezione del <\/em><\/strong><strong><em>VII International Band Brass Festival \u2018Astana Samaly\u2019 e apriranno la parata dell\u2019Astana Day.<\/em><\/strong><\/p>\n<p>Uscita internazionale di spicco aldil\u00e0 degli Urali per gli <a href=\"http:\/\/www.storicisbandieratoridellecontradedicori.it\/\"><strong>Storici Sbandieratori delle Contrade di Cori<\/strong><\/a>. Nell\u2019<strong>Anno della Cultura Italiana in Kazakhstan<\/strong>, porteranno ad Astana il folklore corese della bandiera, dal 3 all\u20198 Luglio, invitati direttamente dall\u2019<strong>Ambasciatore italiano, Stefano Ravagnan<\/strong>, per impreziosire il ricco calendario di iniziative in corso nella capitale kazaka fino ad Ottobre 2016.<\/p>\n<p>Gli Alfieri coresi saranno ospiti d\u2019eccezione del <strong>VII International Band Brass Festival \u2018<em>Astana Samaly\u2019<\/em><\/strong>, dedicato alle eccellenze della musica orchestrale. Le migliori bande musicali del mondo animeranno la piazza centrale di Astana, con concerti, spettacoli e cortei. Gli Storici Sbandieratori delle Contrade di Cori, con la loro antica e nobile arte del maneggiar l\u2019insegna, di origine militare, contribuiranno a ricreare suggestive atmosfere d\u2019altri tempi.<\/p>\n<p>La trasferta \u00e8 ancor pi\u00f9 prestigiosa perch\u00e9 coincide con l\u2019<strong>Astana Day<\/strong>. Il 6 Luglio infatti si festegger\u00e0 il 17\u00b0 anniversario della proclamazione di Astana come capitale del Kazakhstan, in presenza delle pi\u00f9 alte cariche politiche ed istituzionali dello Stato. Sar\u00e0 un grandioso omaggio all\u2019orgoglio di una citt\u00e0 che sta vivendo una rapida ascesa, ma anche alle tradizioni millenarie del popolo kazako.<\/p>\n<p>Numerosi gli eventi in programma. Le strade si riempiranno di centinaia di migliaia di persone, provenienti da tutto il Paese e dall\u2019estero. Saranno presenti artisti e personaggi di fama mondiale. Toccher\u00e0 agli <strong>Storici Sbandieratori delle Contrade di Cori <\/strong>aprire la parata che dar\u00e0 inizio alle celebrazioni. Rulli di tamburi e squilli di chiarine faranno da sottofondo alle bandiere volteggianti nel cielo con i colori e gli stemmi della Cora Rinascimentale.<\/p>\n<p><em><a href=\"http:\/\/ufficiostampaolmr.wix.com\/marcocastaldi\">Marco Castaldi<\/a><\/em><\/p>\n<p><em><a href=\"http:\/\/ufficiostampaolmr.wix.com\/marcocastaldi\">Addetto Stampa &amp; OLMR<\/a><\/em><\/p>\n<p>&nbsp;<\/p>\n","protected":false},"excerpt":{"rendered":"<p>Invitati dall\u2019Ambasciatore Italiano nell\u2019Anno della Cultura Italiana in Kazakhstan, saranno ospiti d\u2019eccezione del VII International Band Brass Festival \u2018Astana Samaly\u2019 e apriranno la parata dell\u2019Astana Day. Uscita internazionale di spicco aldil\u00e0 degli Urali per gli Storici Sbandieratori delle Contrade di Cori. Nell\u2019Anno della Cultura Italiana in Kazakhstan, porteranno ad Astana il folklore corese della bandiera, [&hellip;]<\/p>\n","protected":false},"author":659,"featured_media":0,"comment_status":"open","ping_status":"open","sticky":false,"template":"","format":"standard","meta":{"footnotes":""},"categories":[8],"tags":[],"class_list":["post-11627","post","type-post","status-publish","format-standard","hentry","category-eventi"],"_links":{"self":[{"href":"https:\/\/www.area-press.eu\/comunicatistampa\/wp-json\/wp\/v2\/posts\/11627","targetHints":{"allow":["GET"]}}],"collection":[{"href":"https:\/\/www.area-press.eu\/comunicatistampa\/wp-json\/wp\/v2\/posts"}],"about":[{"href":"https:\/\/www.area-press.eu\/comunicatistampa\/wp-json\/wp\/v2\/types\/post"}],"author":[{"embeddable":true,"href":"https:\/\/www.area-press.eu\/comunicatistampa\/wp-json\/wp\/v2\/users\/659"}],"replies":[{"embeddable":true,"href":"https:\/\/www.area-press.eu\/comunicatistampa\/wp-json\/wp\/v2\/comments?post=11627"}],"version-history":[{"count":1,"href":"https:\/\/www.area-press.eu\/comunicatistampa\/wp-json\/wp\/v2\/posts\/11627\/revisions"}],"predecessor-version":[{"id":11628,"href":"https:\/\/www.area-press.eu\/comunicatistampa\/wp-json\/wp\/v2\/posts\/11627\/revisions\/11628"}],"wp:attachment":[{"href":"https:\/\/www.area-press.eu\/comunicatistampa\/wp-json\/wp\/v2\/media?parent=11627"}],"wp:term":[{"taxonomy":"category","embeddable":true,"href":"https:\/\/www.area-press.eu\/comunicatistampa\/wp-json\/wp\/v2\/categories?post=11627"},{"taxonomy":"post_tag","embeddable":true,"href":"https:\/\/www.area-press.eu\/comunicatistampa\/wp-json\/wp\/v2\/tags?post=11627"}],"curies":[{"name":"wp","href":"https:\/\/api.w.org\/{rel}","templated":true}]}}