{"id":11373,"date":"2016-06-25T13:52:00","date_gmt":"2016-06-25T11:52:00","guid":{"rendered":"http:\/\/www.area-press.eu\/comunicatistampa\/?p=11373"},"modified":"2016-06-25T13:52:00","modified_gmt":"2016-06-25T11:52:00","slug":"save-sammezzano-lancia-una-campagna-sulla-piattaforma-di-crowdfunding-ulule-per-tutelare-e-valorizzare-il-castello-di-sammezzano","status":"publish","type":"post","link":"https:\/\/www.area-press.eu\/comunicatistampa\/2016\/06\/25\/save-sammezzano-lancia-una-campagna-sulla-piattaforma-di-crowdfunding-ulule-per-tutelare-e-valorizzare-il-castello-di-sammezzano\/","title":{"rendered":"SAVE SAMMEZZANO lancia una campagna sulla piattaforma di crowdfunding Ulule per tutelare e valorizzare il Castello di Sammezzano"},"content":{"rendered":"<p><strong>Il neonato movimento popolare nasce per salvare <\/strong><strong>il pi\u00f9 importante esempio di architettura eclettica d&#8217;Italia e lancia una campagna di crowdfunding su Ulule per tutelare e valorizzare il Castello di Sammezzano.<\/strong><\/p>\n<p><strong><em>Save Sammezzano<\/em><\/strong> \u00e8 il movimento popolare nato lo scorso settembre che si prefigge di mettere fine alla situazione di incuria e di degrado che, negli ultimi 30 anni, ha fortemente rovinato una delle opere d\u2019arte che tutto il mondo ci invidia: il Castello di Sammezzano, considerate da molti il pi\u00f9 importante esempio di architettura eclettica del nostro paese.<\/p>\n<p>Nel corso di questi anni infatti gli agenti atmosferici, il tempo e i vandali hanno danneggiato in modo assai gravoso quest\u2019incredibile monumento dal valore artistico-architettonico inestimabile. Grazie alle iniziative di Save Sammezzano, istituzioni e \u00a0persone sono state sensibilizzate in merito alla rilevanza artistica di Sammezzano ed alla necessit\u00e0 di trovare qualcuno che sia disposto a tutelarlo e valorizzarlo quanto merita.<\/p>\n<p>Nonostante i gi\u00e0 importanti risultati raggiunti, Save Sammezzano ha bisogno di costituirsi in Associazione cos\u00ec da divenire un soggetto giuridicamente riconosciuto e quindi capace di intraprendere ogni tipo di iniziativa con valore legale che, come semplice \u00a0movimento, attualmente non pu\u00f2 intraprendere.<\/p>\n<p>Come Associazione avranno pi\u00f9 peso e maggiori possibilit\u00e0 di azione nei confronti di tutti gli enti pubblici e privati che hanno responsabilit\u00e0 nei confronti di Sammezzano, al fine di riportare Sammezzano al suo antico splendore e di renderlo finalmente accessibile a chiunque lo desideri visitare.<\/p>\n<p>Ecco dunque il lancio di una campagna, finalizzata al coinvolgimento di un pubblico sempre pi\u00f9 vasto, sulla piattaforma di crowdfunding francese Ulule, che ha da poco aperto la sua prima sede in Italia, nella capitale.<\/p>\n<p><strong>Link alla campagna<\/strong>: <a href=\"http:\/\/it.ulule.com\/salvare-sammezzano\/\">http:\/\/it.ulule.com\/salvare-sammezzano\/<\/a><\/p>\n<p><strong>Link all\u2019associazione<\/strong>: <a href=\"http:\/\/www.savesammezzano.com\">http:\/\/www.savesammezzano.com<\/a><\/p>\n","protected":false},"excerpt":{"rendered":"<p>Il neonato movimento popolare nasce per salvare il pi\u00f9 importante esempio di architettura eclettica d&#8217;Italia e lancia una campagna di crowdfunding su Ulule per tutelare e valorizzare il Castello di Sammezzano. Save Sammezzano \u00e8 il movimento popolare nato lo scorso settembre che si prefigge di mettere fine alla situazione di incuria e di degrado che, [&hellip;]<\/p>\n","protected":false},"author":3156,"featured_media":0,"comment_status":"open","ping_status":"open","sticky":false,"template":"","format":"standard","meta":{"footnotes":""},"categories":[3],"tags":[25,8284,3645,723,8283,8285],"class_list":["post-11373","post","type-post","status-publish","format-standard","hentry","category-arte-e-cultura","tag-arte","tag-castello-di-sammezzano","tag-crowdfunding","tag-news","tag-save-sammezzano","tag-ulele"],"_links":{"self":[{"href":"https:\/\/www.area-press.eu\/comunicatistampa\/wp-json\/wp\/v2\/posts\/11373","targetHints":{"allow":["GET"]}}],"collection":[{"href":"https:\/\/www.area-press.eu\/comunicatistampa\/wp-json\/wp\/v2\/posts"}],"about":[{"href":"https:\/\/www.area-press.eu\/comunicatistampa\/wp-json\/wp\/v2\/types\/post"}],"author":[{"embeddable":true,"href":"https:\/\/www.area-press.eu\/comunicatistampa\/wp-json\/wp\/v2\/users\/3156"}],"replies":[{"embeddable":true,"href":"https:\/\/www.area-press.eu\/comunicatistampa\/wp-json\/wp\/v2\/comments?post=11373"}],"version-history":[{"count":1,"href":"https:\/\/www.area-press.eu\/comunicatistampa\/wp-json\/wp\/v2\/posts\/11373\/revisions"}],"predecessor-version":[{"id":11374,"href":"https:\/\/www.area-press.eu\/comunicatistampa\/wp-json\/wp\/v2\/posts\/11373\/revisions\/11374"}],"wp:attachment":[{"href":"https:\/\/www.area-press.eu\/comunicatistampa\/wp-json\/wp\/v2\/media?parent=11373"}],"wp:term":[{"taxonomy":"category","embeddable":true,"href":"https:\/\/www.area-press.eu\/comunicatistampa\/wp-json\/wp\/v2\/categories?post=11373"},{"taxonomy":"post_tag","embeddable":true,"href":"https:\/\/www.area-press.eu\/comunicatistampa\/wp-json\/wp\/v2\/tags?post=11373"}],"curies":[{"name":"wp","href":"https:\/\/api.w.org\/{rel}","templated":true}]}}