{"id":11336,"date":"2016-06-24T03:24:54","date_gmt":"2016-06-24T01:24:54","guid":{"rendered":"http:\/\/www.area-press.eu\/comunicatistampa\/?p=11336"},"modified":"2016-06-24T03:24:54","modified_gmt":"2016-06-24T01:24:54","slug":"100-solutions-for-climate-abruzzo-coordinatore-nazionale-del-concorso","status":"publish","type":"post","link":"https:\/\/www.area-press.eu\/comunicatistampa\/2016\/06\/24\/100-solutions-for-climate-abruzzo-coordinatore-nazionale-del-concorso\/","title":{"rendered":"100 Solutions for Climate: Abruzzo coordinatore nazionale del concorso"},"content":{"rendered":"<h4><strong>L&#8217;Abruzzo \u00e8\u00a0coordinatore per l&#8217;Italia del concorso internazionale &#8220;100 Solutions for Climate &#8211;\u00a0100 Progetti per il Clima&#8221;<\/strong> <strong>promosso dal Ministero Francese dell&#8217;Ambiente, dell&#8217;Energia e dei Mari in continuit\u00e0 con il World Wide Views on Climate and Energy,\u00a0primo dibattito planetario cittadino su clima ed energia. <\/strong><\/h4>\n<h4>&#8220;Lo scopo principale dell&#8217;iniziativa&#8221; &#8211; ha spiegato il <strong>Sottosegretario Regionale con delega all&#8217;Ambiente, Mario Mazzocca\u00a0<\/strong>&#8211; &#8220;\u00e8 quello di raccogliere soluzioni concrete ed\u00a0innovative da parte dei cittadini in materia di lotta ai cambiamenti climatici: infatti i cittadini di tutto il mondo, anche organizzati in gruppi, hanno presentato, dal 20 aprile al 6 giugno, le loro idee-progetto su una piattaforma on-line multilingue in inglese, francese e\u00a0spagnolo&#8221;.<\/h4>\n<h4>Sono state raccolte soluzioni al cambiamento climatico attualmente in corso o gi\u00e0 realizzate: soluzioni che, secondo la <strong>coordinatrice per l&#8217;Italia del progetto, Iris Flacco,<\/strong> &#8220;potranno essere replicate anche in altri Paesi e da altri cittadini, in quanto potranno costituire &#8220;best practices&#8221;,\u00a0o buone soluzioni,\u00a0alla lotta contro i cambiamenti climatici con\u00a0la partecipazione attiva di tutti i cittadini&#8221;.<\/h4>\n<h4><strong>I temi legati all&#8217;iniziativa sono<\/strong>: Acqua, Rifiuti, Trasporti, Abitazione, Cibo, Agricoltura, Energia, Economia e Finanziamento, Biodiversit\u00e0, Oceani, Organizzazioni Comunitarie.<\/h4>\n<h4>Uno dei risultati principali emersi dal World Wild Views on Climate and Energy &#8211;\u00a0la pi\u00f9 grande consultazione globale su clima ed energia che si \u00e8 svolta il 6 giugno 2015 in Abruzzo e in 76 Paesi coinvolgendo\u00a0pi\u00f9 di 10.000 cittadini, \u00e8 che essi sono i protagonisti assoluti nella lotta ai cambiamenti climatici. Ruolo che e&#8217; stato rimarcato\u00a0anche nell&#8217;ambito della Cop21 che si \u00e8 svolta a Parigi lo scorso\u00a0dicembre\u00a0ed\u00a0evidenziato anche dal Ministro francese S\u00e9gol\u00e8ne Royal che ha lanciato l&#8217;iniziativa <strong>&#8220;100 Solutions for Climate&#8221;<\/strong>, puntando i riflettori proprio sulla popolazione: sono stati presentati<strong> 587 progetti fra i quali 15 provenienti da\u00a0scuole e cittadini della Regione Abruzzo<\/strong> sui temi di efficienza energetica degli edifici, realizzazione di giochi interattivi sul tema rinnovabili e\u00a0risparmio energetico, azioni di sensibilizzazione su tematiche energetiche e di lotta al cambiamento climatico, riutilizzo materiali, agricoltura sostenibile, veicoli elettrici, produzione di energia attraverso gli pneumatici e\u00a0sistema innovativo per consentire alle galline padovane di vivere in modo ottimale.<\/h4>\n<h4><strong>Il Sottosegretario Mazzocca<\/strong> ha sottolineato che siamo di fronte ad un &#8220;ulteriore, importante riconoscimento del ruolo guida che l&#8217;Abruzzo, sul tema di pressante attualit\u00e0 dell&#8217;adattamento ai cambiamenti climatici, ha assunto in campo nazionale, agendo a stretto contatto con diverse realt\u00e0 internazionali&#8221;. &#8220;Infatti, lavorando in sinergia con il dicastero del Ministro francese S\u00e9gol\u00e8ne Royal, sono state raccolte diverse soluzioni al cambiamento climatico attualmente in corso e in grado di fungere da battistrada per altri Paesi del mondo, spesso coincidenti con esempi di buone pratiche di azione locale mediante la partecipazione attiva dei cittadini&#8221;.<\/h4>\n<h4>E&#8217; attualmente<strong> in corso la fase di selezione\u00a0che terminer\u00e0 il 6 luglio 2016<\/strong>: i\u00a0cittadini di tutto il mondo possono votare fino a 10 progetti semplicemente iscrivendosi a questo\u00a0<a href=\"http:\/\/www.100projetspourleclimat.gouv.fr\/fr\/\">link<\/a>\u00a0e scegliendo\u00a0i\u00a0preferiti. I 100 selezionati saranno annunciati il 6 luglio 2016 e verranno\u00a0evidenziati\u00a0anche\u00a0nell&#8217;ambito della XXII Conferenza delle Parti, Cop22, che si terr\u00e0 a Marrakesh (Marocco)\u00a0dal 7 al 18 novembre 2016.<\/h4>\n<h4>Maggiori informazioni al\u00a0<a href=\"http:\/\/www.100projetspourleclimat.gouv.fr\/fr\/\">link<\/a><\/h4>\n","protected":false},"excerpt":{"rendered":"<p>L&#8217;Abruzzo \u00e8 coordinatore per l&#8217;Italia del concorso internazionale &#8220;100 Solutions for Climate &#8211; 100 Progetti per il Clima&#8221; promosso dal Ministero Francese dell&#8217;Ambiente, dell&#8217;Energia e dei Mari. <\/p>\n","protected":false},"author":2966,"featured_media":0,"comment_status":"open","ping_status":"open","sticky":false,"template":"","format":"standard","meta":{"footnotes":""},"categories":[4],"tags":[],"class_list":["post-11336","post","type-post","status-publish","format-standard","hentry","category-attualita-e-societa"],"_links":{"self":[{"href":"https:\/\/www.area-press.eu\/comunicatistampa\/wp-json\/wp\/v2\/posts\/11336","targetHints":{"allow":["GET"]}}],"collection":[{"href":"https:\/\/www.area-press.eu\/comunicatistampa\/wp-json\/wp\/v2\/posts"}],"about":[{"href":"https:\/\/www.area-press.eu\/comunicatistampa\/wp-json\/wp\/v2\/types\/post"}],"author":[{"embeddable":true,"href":"https:\/\/www.area-press.eu\/comunicatistampa\/wp-json\/wp\/v2\/users\/2966"}],"replies":[{"embeddable":true,"href":"https:\/\/www.area-press.eu\/comunicatistampa\/wp-json\/wp\/v2\/comments?post=11336"}],"version-history":[{"count":1,"href":"https:\/\/www.area-press.eu\/comunicatistampa\/wp-json\/wp\/v2\/posts\/11336\/revisions"}],"predecessor-version":[{"id":11337,"href":"https:\/\/www.area-press.eu\/comunicatistampa\/wp-json\/wp\/v2\/posts\/11336\/revisions\/11337"}],"wp:attachment":[{"href":"https:\/\/www.area-press.eu\/comunicatistampa\/wp-json\/wp\/v2\/media?parent=11336"}],"wp:term":[{"taxonomy":"category","embeddable":true,"href":"https:\/\/www.area-press.eu\/comunicatistampa\/wp-json\/wp\/v2\/categories?post=11336"},{"taxonomy":"post_tag","embeddable":true,"href":"https:\/\/www.area-press.eu\/comunicatistampa\/wp-json\/wp\/v2\/tags?post=11336"}],"curies":[{"name":"wp","href":"https:\/\/api.w.org\/{rel}","templated":true}]}}