{"id":11275,"date":"2016-06-22T12:27:10","date_gmt":"2016-06-22T10:27:10","guid":{"rendered":"http:\/\/www.area-press.eu\/comunicatistampa\/?p=11275"},"modified":"2020-08-09T23:40:07","modified_gmt":"2020-08-09T21:40:07","slug":"supernova-in-radio-il-singolo-di-klaus-docupil","status":"publish","type":"post","link":"https:\/\/www.area-press.eu\/comunicatistampa\/2016\/06\/22\/supernova-in-radio-il-singolo-di-klaus-docupil\/","title":{"rendered":"\u201cSupernova\u201d, in radio il singolo di Klaus Docupil"},"content":{"rendered":"<p style=\"text-align: center\"><em><strong>Un\u2019anima rock dalle sfumature elettroniche oltre che emozioni e vibrazioni . Questo \u00e8 Klaus Docupil<\/strong><\/em><\/p>\n<p>https:\/\/youtu.be\/pNUrpKzIIvw<\/p>\n<p><strong>Klaus Docupil,<\/strong> nato a Venezia, oggi, vive tra Venezia, Vicenza e Milano.<br \/>\nInizia a scrivere canzoni all\u2019et\u00e0 di 17 anni ed impara a suonare il pianoforte quasi da autodidatta, osservando con attenzione il padre.<br \/>\nIl suo percorso musicale si sviluppa attraverso l\u2019esperienza dal vivo con il vecchio gruppo formato da veri amici, e la partecipazione a diverse interviste radio, esibizioni e concorsi musicali.<br \/>\nDice di se: \u201cla mia anima \u00e8 rock, ma adoro tutte le sfumature dell\u2019elettronica. Scrivo pezzi pop in italiano e mi diverto a cantarli, ma non \u00e8 ci\u00f2 che desidero. Il mio sogno \u00e8 scrivere canzoni e coinvolgere pi\u00f9 voci, strumenti a volte, che non appartengono all\u2019elettronica, cercando di creare cos\u00ec, un equilibrio perfetto.\u201d<br \/>\nHa scritto le musiche di una web serie che sar\u00e0 girata la prossima estate. Sei pezzi con meno elettronica e pi\u00f9 strumentazione live, per una vera live performance.<br \/>\nI suoi temi preferiti sono la vita e sopra ogni cosa l\u2019amore.<br \/>\nAppassionato dell\u2019arte in ogni sua forma, cerca sempre di coinvolgere ogni sfumatura di essa nei suoi progetti.<br \/>\nDice ancora: \u201cVivo per la musica. Mi metto alla tastiera, divento ermetico, creando un mondo tra i tasti bianchi e neri e le cuffie. In quel momento mi sento libero, evado dal mondo e seguo il mio sound.\u201d<br \/>\nPer Klaus la musica significa comunicare qualcosa, e vedere la gente ballare sulle note delle sue canzoni, significa che ha creato un\u2019emozione e il suo messaggio \u00e9 stato ricevuto, e trasformato in vibrazioni\u2026<\/p>\n<p>La sua musica vive dalle emozioni che ogni giorno gli sono state offerte dalla vita. Piccole e quotidiane eccezioni dal sogno alla rivincita di un risveglio. La musica \u00e8 tutto ci\u00f2 che rester\u00e0 e pu\u00f2 raggiungere chiunque e ovunque. Comunicazione senza filtri. Una regola senza regole.<br \/>\nFuori dal ritmo e dal tempo, ma sempre dentro l\u2019anima, per continuare il viaggio tra l\u2019ombra e la luce \u2026tra fede e realt\u00e0\u2026<\/p>\n<p>Oggi ha l\u2019onore di collaborare con un musicista di raro talento. Produttore dagli aspetti geniali e graffianti. Un amico. Un uomo che ha compreso le sue note e le ha tradotte in reali passaggi di emozione. Raggiungendo il cuore di chi ascolta. Michele Bonivento.<\/p>\n<p>Facebook<br \/>\n<a href=\"https:\/\/www.facebook.com\/Klaus-Docupil-1630305960554203\/\">https:\/\/www.facebook.com\/Klaus-Docupil-1630305960554203\/<\/a><\/p>\n<p>Press, radio, Tv Agency<br \/>\nDCOD Communication<br \/>\npromoradio@dcodcommunication.it<br \/>\npromostampa@dcocommunication.it<\/p>\n","protected":false},"excerpt":{"rendered":"<p>Un\u2019anima rock dalle sfumature elettroniche oltre che emozioni e vibrazioni . Questo \u00e8 Klaus Docupil https:\/\/youtu.be\/pNUrpKzIIvw Klaus Docupil, nato a Venezia, oggi, vive tra Venezia, Vicenza e Milano. Inizia a scrivere canzoni all\u2019et\u00e0 di 17 anni ed impara a suonare il pianoforte quasi da autodidatta, osservando con attenzione il padre. Il suo percorso musicale si [&hellip;]<\/p>\n","protected":false},"author":331,"featured_media":0,"comment_status":"open","ping_status":"open","sticky":false,"template":"","format":"standard","meta":{"footnotes":""},"categories":[12],"tags":[8214,5038,2365,8215],"class_list":["post-11275","post","type-post","status-publish","format-standard","hentry","category-musica","tag-docupil","tag-pop","tag-singolo","tag-supernova"],"_links":{"self":[{"href":"https:\/\/www.area-press.eu\/comunicatistampa\/wp-json\/wp\/v2\/posts\/11275","targetHints":{"allow":["GET"]}}],"collection":[{"href":"https:\/\/www.area-press.eu\/comunicatistampa\/wp-json\/wp\/v2\/posts"}],"about":[{"href":"https:\/\/www.area-press.eu\/comunicatistampa\/wp-json\/wp\/v2\/types\/post"}],"author":[{"embeddable":true,"href":"https:\/\/www.area-press.eu\/comunicatistampa\/wp-json\/wp\/v2\/users\/331"}],"replies":[{"embeddable":true,"href":"https:\/\/www.area-press.eu\/comunicatistampa\/wp-json\/wp\/v2\/comments?post=11275"}],"version-history":[{"count":2,"href":"https:\/\/www.area-press.eu\/comunicatistampa\/wp-json\/wp\/v2\/posts\/11275\/revisions"}],"predecessor-version":[{"id":11278,"href":"https:\/\/www.area-press.eu\/comunicatistampa\/wp-json\/wp\/v2\/posts\/11275\/revisions\/11278"}],"wp:attachment":[{"href":"https:\/\/www.area-press.eu\/comunicatistampa\/wp-json\/wp\/v2\/media?parent=11275"}],"wp:term":[{"taxonomy":"category","embeddable":true,"href":"https:\/\/www.area-press.eu\/comunicatistampa\/wp-json\/wp\/v2\/categories?post=11275"},{"taxonomy":"post_tag","embeddable":true,"href":"https:\/\/www.area-press.eu\/comunicatistampa\/wp-json\/wp\/v2\/tags?post=11275"}],"curies":[{"name":"wp","href":"https:\/\/api.w.org\/{rel}","templated":true}]}}