{"id":11176,"date":"2016-06-20T23:44:38","date_gmt":"2016-06-20T21:44:38","guid":{"rendered":"http:\/\/www.area-press.eu\/comunicatistampa\/?p=11176"},"modified":"2020-08-09T23:40:08","modified_gmt":"2020-08-09T21:40:08","slug":"every-day-esce-il-primo-singolo-delle-outside-giovanissima-band-al-femminile-dal-sapore-grunge-e-dai-tratti-decisi-e-personali","status":"publish","type":"post","link":"https:\/\/www.area-press.eu\/comunicatistampa\/2016\/06\/20\/every-day-esce-il-primo-singolo-delle-outside-giovanissima-band-al-femminile-dal-sapore-grunge-e-dai-tratti-decisi-e-personali\/","title":{"rendered":"Every Day: esce il primo singolo delle Outside, giovanissima band al femminile dal sapore grunge e dai tratti decisi e personali"},"content":{"rendered":"<p><span style=\"font-weight: 400\">Si chiamano <\/span><b>Outside<\/b><span style=\"font-weight: 400\"> e sognano legittimamente di dire la loro, al di fuori dal coro: <\/span><b>Adriana Cappucci<\/b><span style=\"font-weight: 400\">, voce chitarra e batteria, ed <\/span><b>Eva Miraglia<\/b><span style=\"font-weight: 400\">, basso. Rispettivamente 17 e 18 anni, dove autrice dei testi e della musica \u00e8 proprio la pi\u00f9 giovane, Adriana. Insomma: si coniuga al futuro la biografia di questo gruppo di ispirazione grounge perch\u00e9 il loro passato \u00e8 scritto negli ascolti, matti e disperatissimi, che nutre questo progetto musicale intenso prima che acerbo; ma la loro storia \u00e8 disegnata sulle loro aspirazioni che regalano nerbo e sostanza alla loro musica.<\/span><\/p>\n<p><span style=\"font-weight: 400\">Il loro primo singolo si intitola <\/span><b>Every Day<\/b><span style=\"font-weight: 400\">.<\/span><span style=\"font-weight: 400\"><br \/>\n<\/span><span style=\"font-weight: 400\">Prodotto dalla <\/span><b>CIRCUITI SONORI<\/b><span style=\"font-weight: 400\">, verr\u00e0 lanciato il 24 giugno e uscir\u00e0 in abbinata ad un <\/span><span style=\"font-weight: 400\">video<\/span><span style=\"font-weight: 400\">, autoprodotto con freschezza e creativit\u00e0, che molto racconta dell\u2019adolescenza, dei suoi sogni, della sua fatica del vivere <\/span><span style=\"font-weight: 400\">(<\/span><i><span style=\"font-weight: 400\">Every day, I want to die&#8221;<\/span><\/i><i><span style=\"font-weight: 400\">..<\/span><\/i><span style=\"font-weight: 400\">)<\/span><span style=\"font-weight: 400\"> e della sua voglia di di dire basta e di dar voce ai propri pensieri. La clip, ambientata fra i banchi di scuola, dipinge il sogno di molti ragazzi: dar fuoco al consueto, sbattere la porta, buttare tutto alle proprie spalle, salire su un palco e urlare la propria voce e i propri pensieri. Quelli che i cosiddetti adulti troppo spesso non ascoltano. Ma lo fa con gusto e creativit\u00e0 e con un tratto, nelle riprese e nel montaggio, che nulla ha da invidiare al lavoro di tanti cosiddetti professionisti.<\/span><\/p>\n","protected":false},"excerpt":{"rendered":"<p>Si chiamano Outside e sognano legittimamente di dire la loro, al di fuori dal coro: Adriana Cappucci, voce chitarra e batteria, ed Eva Miraglia, basso. Rispettivamente 17 e 18 anni, dove autrice dei testi e della musica \u00e8 proprio la pi\u00f9 giovane, Adriana. Insomma: si coniuga al futuro la biografia di questo gruppo di ispirazione [&hellip;]<\/p>\n","protected":false},"author":864,"featured_media":0,"comment_status":"open","ping_status":"open","sticky":false,"template":"","format":"standard","meta":{"footnotes":""},"categories":[12],"tags":[8124,8123,2365],"class_list":["post-11176","post","type-post","status-publish","format-standard","hentry","category-musica","tag-everyday","tag-outside","tag-singolo"],"_links":{"self":[{"href":"https:\/\/www.area-press.eu\/comunicatistampa\/wp-json\/wp\/v2\/posts\/11176","targetHints":{"allow":["GET"]}}],"collection":[{"href":"https:\/\/www.area-press.eu\/comunicatistampa\/wp-json\/wp\/v2\/posts"}],"about":[{"href":"https:\/\/www.area-press.eu\/comunicatistampa\/wp-json\/wp\/v2\/types\/post"}],"author":[{"embeddable":true,"href":"https:\/\/www.area-press.eu\/comunicatistampa\/wp-json\/wp\/v2\/users\/864"}],"replies":[{"embeddable":true,"href":"https:\/\/www.area-press.eu\/comunicatistampa\/wp-json\/wp\/v2\/comments?post=11176"}],"version-history":[{"count":2,"href":"https:\/\/www.area-press.eu\/comunicatistampa\/wp-json\/wp\/v2\/posts\/11176\/revisions"}],"predecessor-version":[{"id":35885,"href":"https:\/\/www.area-press.eu\/comunicatistampa\/wp-json\/wp\/v2\/posts\/11176\/revisions\/35885"}],"wp:attachment":[{"href":"https:\/\/www.area-press.eu\/comunicatistampa\/wp-json\/wp\/v2\/media?parent=11176"}],"wp:term":[{"taxonomy":"category","embeddable":true,"href":"https:\/\/www.area-press.eu\/comunicatistampa\/wp-json\/wp\/v2\/categories?post=11176"},{"taxonomy":"post_tag","embeddable":true,"href":"https:\/\/www.area-press.eu\/comunicatistampa\/wp-json\/wp\/v2\/tags?post=11176"}],"curies":[{"name":"wp","href":"https:\/\/api.w.org\/{rel}","templated":true}]}}