{"id":11117,"date":"2016-06-18T16:08:17","date_gmt":"2016-06-18T14:08:17","guid":{"rendered":"http:\/\/www.area-press.eu\/comunicatistampa\/?p=11117"},"modified":"2016-06-18T16:08:17","modified_gmt":"2016-06-18T14:08:17","slug":"il-mondo-in-una-piazza-tangram-a-cavarei","status":"publish","type":"post","link":"https:\/\/www.area-press.eu\/comunicatistampa\/2016\/06\/18\/il-mondo-in-una-piazza-tangram-a-cavarei\/","title":{"rendered":"Il mondo in una piazza: Tangram a CavaRei"},"content":{"rendered":"<p>Il mondo in una piazza. Il\u00a025 giugno 2016 alle ore 10,30 la cooperativa sociale <a href=\"http:\/\/www.cooperativatangram.it\/\">Tangram<\/a> e la cooperativa sociale Il Cammino, che si occupano di disabilit\u00e0 da pi\u00f9 di vent&#8217;anni nel territorio forlivese, inaugureranno\u00a0la <a href=\"http:\/\/www.cooperativatangram.it\/tangram-vi-svela-un-pezzo-di-cavarei\/\">Piazza Paul P. Harris<\/a> all&#8217;interno del nuovo complesso <a href=\"http:\/\/www.cavarei.it\/\">CavaRei<\/a>, in via Bazzoli nel quartiere Cava di Forl\u00ec.<\/p>\n<p>La piazza \u00e8 stata realizzata grazie al contributo del Rotary Club Forl\u00ec Tre Valli e Forl\u00ec.<\/p>\n<p>Vi aspettaimo per una mattinata di allegria e socialit\u00e0. Allieteranno l\u2019atmosfera la musica della TamTangram Band, i laboratori delle erbe officinali e di disegno libero per bambini.<\/p>\n<p>Durane la mattinata la Forl\u00ec Trail ASD consegner\u00e0 il ricavato raccolto durante la Forl\u00ec City Trail (8 maggio 2016).<\/p>\n<p>A conclusione brindisi e piccolo buffet per l\u2019arrivederci a settembre. Siamo tutti CavaRei!<\/p>\n<p>Per informazioni: Michela Schiavi: 349.3410399<\/p>\n<p>&nbsp;<\/p>\n","protected":false},"excerpt":{"rendered":"<p>Il mondo in una piazza. Il\u00a025 giugno 2016 alle ore 10,30 la cooperativa sociale Tangram e la cooperativa sociale Il Cammino, che si occupano di disabilit\u00e0 da pi\u00f9 di vent&#8217;anni nel territorio forlivese, inaugureranno\u00a0la Piazza Paul P. Harris all&#8217;interno del nuovo complesso CavaRei, in via Bazzoli nel quartiere Cava di Forl\u00ec. La piazza \u00e8 stata [&hellip;]<\/p>\n","protected":false},"author":405,"featured_media":0,"comment_status":"open","ping_status":"open","sticky":false,"template":"","format":"standard","meta":{"footnotes":""},"categories":[4],"tags":[],"class_list":["post-11117","post","type-post","status-publish","format-standard","hentry","category-attualita-e-societa"],"_links":{"self":[{"href":"https:\/\/www.area-press.eu\/comunicatistampa\/wp-json\/wp\/v2\/posts\/11117","targetHints":{"allow":["GET"]}}],"collection":[{"href":"https:\/\/www.area-press.eu\/comunicatistampa\/wp-json\/wp\/v2\/posts"}],"about":[{"href":"https:\/\/www.area-press.eu\/comunicatistampa\/wp-json\/wp\/v2\/types\/post"}],"author":[{"embeddable":true,"href":"https:\/\/www.area-press.eu\/comunicatistampa\/wp-json\/wp\/v2\/users\/405"}],"replies":[{"embeddable":true,"href":"https:\/\/www.area-press.eu\/comunicatistampa\/wp-json\/wp\/v2\/comments?post=11117"}],"version-history":[{"count":2,"href":"https:\/\/www.area-press.eu\/comunicatistampa\/wp-json\/wp\/v2\/posts\/11117\/revisions"}],"predecessor-version":[{"id":11119,"href":"https:\/\/www.area-press.eu\/comunicatistampa\/wp-json\/wp\/v2\/posts\/11117\/revisions\/11119"}],"wp:attachment":[{"href":"https:\/\/www.area-press.eu\/comunicatistampa\/wp-json\/wp\/v2\/media?parent=11117"}],"wp:term":[{"taxonomy":"category","embeddable":true,"href":"https:\/\/www.area-press.eu\/comunicatistampa\/wp-json\/wp\/v2\/categories?post=11117"},{"taxonomy":"post_tag","embeddable":true,"href":"https:\/\/www.area-press.eu\/comunicatistampa\/wp-json\/wp\/v2\/tags?post=11117"}],"curies":[{"name":"wp","href":"https:\/\/api.w.org\/{rel}","templated":true}]}}