{"id":11110,"date":"2016-06-18T16:08:17","date_gmt":"2016-06-18T14:08:17","guid":{"rendered":"http:\/\/www.area-press.eu\/comunicatistampa\/?p=11110"},"modified":"2016-06-18T16:08:17","modified_gmt":"2016-06-18T14:08:17","slug":"donne-e-motori-a-giulianello-con-il-vii-raduno-500-e-plurimarche","status":"publish","type":"post","link":"https:\/\/www.area-press.eu\/comunicatistampa\/2016\/06\/18\/donne-e-motori-a-giulianello-con-il-vii-raduno-500-e-plurimarche\/","title":{"rendered":"Donne e motori a Giulianello con il VII Raduno 500 e Plurimarche"},"content":{"rendered":"<p><strong><em>Appuntamento domenica 19 Giugno, alle ore 8:30, a Piazza Umberto I, con esposizione, parata e premiazioni delle auto d\u2019epoca, ed esibizioni delle Miss Fiat 500 e delle ragazze car wash.<\/em><\/strong><\/p>\n<p>Domenica 19 Giugno, a Giulianello, si terr\u00e0 il <strong>VII Raduno 500 e Plurimarche<\/strong><strong>. <\/strong>Un omaggio alla mitica utilitaria italiana e alle altre auto storiche, ma anche alle bellezze e all\u2019enogastronomia autoctone. La manifestazione, patrocinata dal Comune di Cori, \u00e8 organizzata da Corrado Foschi e Fabio Ricci, col sostegno degli sponsor aderenti all\u2019iniziativa.<\/p>\n<p>Dalle ore 8:30 piazza Umberto I diventer\u00e0 una grande vetrina a cielo aperto dove saranno parcheggiate in esposizione <strong>decine di automobili d\u2019epoca provenienti da diverse parti del Lazio<\/strong>. Topolino, Abarth, Ghia, Bianchina, Steyr Puch, Giardiniera, sono solo alcuni dei modelli 500 prodotti dalla FIAT fino agli anni \u201970 e ancora custoditi in ottimo stato da numerosi collezionisti.<\/p>\n<p>Ai primi 60 iscritti verr\u00e0 consegnato un gustoso assortimento di prodotti tipici locali. La <strong>parata mattutina per le strade dell\u2019antico borgo<\/strong> far\u00e0 tappa in alcuni dei suoi luoghi pi\u00f9 significativi per poi sostare nei pressi dell\u2019impianto sportivo comunale, dove i partecipanti saranno accolti con l\u2019aperitivo ai bordi della piscina ludica.<\/p>\n<p>La sfilata si concluder\u00e0 a piazza Umberto I con le premiazioni: il pilota pi\u00f9 anziano e quello pi\u00f9 giovane, la 500 pi\u00f9 bella e quella pi\u00f9 originale, l\u2019auto pi\u00f9 datata e la famiglia pi\u00f9 numerose in 500. A completare il binomio donne e motori, le <strong>passerelle delle passate Miss Fiat 500<\/strong> e <strong>l\u2019imperdibile esibizione delle ragazze car wash.<\/strong><\/p>\n<p><em><a href=\"http:\/\/ufficiostampaolmr.wix.com\/marcocastaldi\">Marco Castaldi<\/a><\/em><\/p>\n<p><em><a href=\"http:\/\/ufficiostampaolmr.wix.com\/marcocastaldi\">Addetto Stampa &amp; OLMR<\/a><\/em><\/p>\n<p>&nbsp;<\/p>\n","protected":false},"excerpt":{"rendered":"<p>Appuntamento domenica 19 Giugno, alle ore 8:30, a Piazza Umberto I, con esposizione, parata e premiazioni delle auto d\u2019epoca, ed esibizioni delle Miss Fiat 500 e delle ragazze car wash. Domenica 19 Giugno, a Giulianello, si terr\u00e0 il VII Raduno 500 e Plurimarche. Un omaggio alla mitica utilitaria italiana e alle altre auto storiche, ma [&hellip;]<\/p>\n","protected":false},"author":659,"featured_media":0,"comment_status":"open","ping_status":"open","sticky":false,"template":"","format":"standard","meta":{"footnotes":""},"categories":[8],"tags":[],"class_list":["post-11110","post","type-post","status-publish","format-standard","hentry","category-eventi"],"_links":{"self":[{"href":"https:\/\/www.area-press.eu\/comunicatistampa\/wp-json\/wp\/v2\/posts\/11110","targetHints":{"allow":["GET"]}}],"collection":[{"href":"https:\/\/www.area-press.eu\/comunicatistampa\/wp-json\/wp\/v2\/posts"}],"about":[{"href":"https:\/\/www.area-press.eu\/comunicatistampa\/wp-json\/wp\/v2\/types\/post"}],"author":[{"embeddable":true,"href":"https:\/\/www.area-press.eu\/comunicatistampa\/wp-json\/wp\/v2\/users\/659"}],"replies":[{"embeddable":true,"href":"https:\/\/www.area-press.eu\/comunicatistampa\/wp-json\/wp\/v2\/comments?post=11110"}],"version-history":[{"count":1,"href":"https:\/\/www.area-press.eu\/comunicatistampa\/wp-json\/wp\/v2\/posts\/11110\/revisions"}],"predecessor-version":[{"id":11111,"href":"https:\/\/www.area-press.eu\/comunicatistampa\/wp-json\/wp\/v2\/posts\/11110\/revisions\/11111"}],"wp:attachment":[{"href":"https:\/\/www.area-press.eu\/comunicatistampa\/wp-json\/wp\/v2\/media?parent=11110"}],"wp:term":[{"taxonomy":"category","embeddable":true,"href":"https:\/\/www.area-press.eu\/comunicatistampa\/wp-json\/wp\/v2\/categories?post=11110"},{"taxonomy":"post_tag","embeddable":true,"href":"https:\/\/www.area-press.eu\/comunicatistampa\/wp-json\/wp\/v2\/tags?post=11110"}],"curies":[{"name":"wp","href":"https:\/\/api.w.org\/{rel}","templated":true}]}}