{"id":10956,"date":"2016-06-08T15:49:03","date_gmt":"2016-06-08T13:49:03","guid":{"rendered":"http:\/\/www.area-press.eu\/comunicatistampa\/?p=10956"},"modified":"2016-06-08T15:49:03","modified_gmt":"2016-06-08T13:49:03","slug":"la-designer-giulia-mondolfi-tra-i-volti-selezionati-da-fondazione-exclusiva-per-il-progetto-portrait-photography","status":"publish","type":"post","link":"https:\/\/www.area-press.eu\/comunicatistampa\/2016\/06\/08\/la-designer-giulia-mondolfi-tra-i-volti-selezionati-da-fondazione-exclusiva-per-il-progetto-portrait-photography\/","title":{"rendered":"La designer Giulia Mondolfi tra i volti selezionati da Fondazione Exclusiva per il progetto Portrait Photography"},"content":{"rendered":"<p class=\"p1\"><span class=\"s1\">Creativit\u00e0 e talento ai tempi del\u00a0<i>selfie<\/i>? Hanno il volto di giovani come\u00a0<b>Giulia Mondolfi<\/b>, la designer fiorentina che seguendo la sua passione per le stoffe e i tessuti ha creato l\u2019atelier di Interior Design and Exclusive Clothing\u00a0<b>Alberta Florence<\/b>.\u00a0<\/span><\/p>\n<p class=\"p1\"><span class=\"s1\">Selezionata da\u00a0<b>Fondazione Exclusiva<\/b>\u00a0per posare in occasione di\u00a0<i>Portrait Photography<\/i>, il workshop tenuto lo scorso mese di maggio a Roma dai due celebri fotografi\u00a0<b>Max&amp;Douglas<\/b>, Giulia \u00e8 uno dei volti scelti per raccontare la generazione dei creativi under 35. Un progetto della Fondazione Exclusiva &#8211; nata appena un anno fa per sostenere i giovani talenti e sviluppare la filiera creativa in Italia &#8211; che ha prodotto una serie di ritratti, firmati da 30 giovani fotografi e con protagonisti pittori, street artist, musicisti, attori e designer, che saranno esposti\u00a0<b>dall\u20198 giugno al 21 luglio<\/b>\u00a0nella sede romana di\u00a0<b>AREA81<\/b>, in una sezione dedicata all\u2019interno della mostra B\/REFLECTED.<\/span><\/p>\n<p class=\"p2\"><span class=\"s1\"><b>B\/REFLECTED\u00a0<\/b>\u00e8 il progetto artistico realizzato da Max&amp;Douglas per la Triennale di Milano nel 2014, con il patrocinio dell\u2019Onu, che raccoglie i ritratti di cinquanta noti personaggi italiani (da Claudio Santamaria a Enrico Mentana, da Vanessa Incontrada ad Alba Rohrwacher) fotografati attraverso uno specchio. Un lavoro dalla forte connotazione sperimentale che arriva per la prima volta a Roma.<\/span><\/p>\n<p class=\"p1\"><span class=\"s1\">Per\u00a0<b>Giulia Mondolfi<\/b>\u00a0prendere parte a\u00a0<i>Portrait Photography<\/i>\u00a0\u00e8 stato un onore:<i>\u00a0\u201cEro davvero lusingata per la proposta ed \u00e8 stato un piacere essere accanto a persone appassionate del loro lavoro e con una sensibilit\u00e0 cos\u00ec spiccata. Sono molto felice di aver contribuito in piccola parte alla realizzazione di questo progetto che ritengo molto importante<\/i>\u201d.\u00a0<\/span><\/p>\n<p class=\"p1\"><span class=\"s1\"><b>Passione e creativit\u00e0<\/b>\u00a0come s\u2019intrecciano in Alberta Florence? \u201c<i>Per me Alberta Florence \u00e8 un progetto creativo a 360 gradi &#8211; risponde Giulia &#8211; che mi rispecchia e che sento lontanissimo dall\u2019idea di \u2018fashion\u2019. Per questo motivo mi piace definire Alberta Florence un atelier, per sottolineare come ogni pezzo sia unico e irripetibile, quasi una piccola forma d&#8217;arte<\/i>\u201d.<\/span><\/p>\n<p class=\"p1\"><span class=\"s1\">Cosa ne pensi del tuo ritratto realizzato da\u00a0<b>Anna Luna Astolfi<\/b>? \u201c<i>Mi ha colpito che Anna Luna sia riuscita a cogliere un aspetto cos\u00ec nascosto e intimo di me stessa in cui mi sono profondamente riconosciuta\u201d.<\/i><\/span><\/p>\n<p class=\"p1\"><span class=\"s1\">Opening della mostra B\/REFLECTED: mercoled\u00ec 8 giugno ore 19, presso AREA81, via Giovanni da Castel Bolognese 81 a Testaccio. Orari mostra: da marted\u00ec a domenica dalle 16.30 alle 20.30; venerd\u00ec dalle 17 alle 22; luned\u00ec chiuso. Ingresso libero<\/span><\/p>\n","protected":false},"excerpt":{"rendered":"<p>Creativit\u00e0 e talento ai tempi del\u00a0selfie? Hanno il volto di giovani come\u00a0Giulia Mondolfi, la designer fiorentina che seguendo la sua passione per le stoffe e i tessuti ha creato l\u2019atelier di Interior Design and Exclusive Clothing\u00a0Alberta Florence.\u00a0 Selezionata da\u00a0Fondazione Exclusiva\u00a0per posare in occasione di\u00a0Portrait Photography, il workshop tenuto lo scorso mese di maggio a Roma [&hellip;]<\/p>\n","protected":false},"author":1619,"featured_media":0,"comment_status":"open","ping_status":"open","sticky":false,"template":"","format":"standard","meta":{"footnotes":""},"categories":[8],"tags":[6192,8026,8023,6193,8024,8025],"class_list":["post-10956","post","type-post","status-publish","format-standard","hentry","category-eventi","tag-alberta-florence","tag-creativi-under-35","tag-fondazione-exclusiva","tag-giulia-mondolfi","tag-maxdouglas","tag-mostra-di-fotografia"],"_links":{"self":[{"href":"https:\/\/www.area-press.eu\/comunicatistampa\/wp-json\/wp\/v2\/posts\/10956","targetHints":{"allow":["GET"]}}],"collection":[{"href":"https:\/\/www.area-press.eu\/comunicatistampa\/wp-json\/wp\/v2\/posts"}],"about":[{"href":"https:\/\/www.area-press.eu\/comunicatistampa\/wp-json\/wp\/v2\/types\/post"}],"author":[{"embeddable":true,"href":"https:\/\/www.area-press.eu\/comunicatistampa\/wp-json\/wp\/v2\/users\/1619"}],"replies":[{"embeddable":true,"href":"https:\/\/www.area-press.eu\/comunicatistampa\/wp-json\/wp\/v2\/comments?post=10956"}],"version-history":[{"count":2,"href":"https:\/\/www.area-press.eu\/comunicatistampa\/wp-json\/wp\/v2\/posts\/10956\/revisions"}],"predecessor-version":[{"id":10959,"href":"https:\/\/www.area-press.eu\/comunicatistampa\/wp-json\/wp\/v2\/posts\/10956\/revisions\/10959"}],"wp:attachment":[{"href":"https:\/\/www.area-press.eu\/comunicatistampa\/wp-json\/wp\/v2\/media?parent=10956"}],"wp:term":[{"taxonomy":"category","embeddable":true,"href":"https:\/\/www.area-press.eu\/comunicatistampa\/wp-json\/wp\/v2\/categories?post=10956"},{"taxonomy":"post_tag","embeddable":true,"href":"https:\/\/www.area-press.eu\/comunicatistampa\/wp-json\/wp\/v2\/tags?post=10956"}],"curies":[{"name":"wp","href":"https:\/\/api.w.org\/{rel}","templated":true}]}}