{"id":10954,"date":"2016-06-08T15:49:02","date_gmt":"2016-06-08T13:49:02","guid":{"rendered":"http:\/\/www.area-press.eu\/comunicatistampa\/?p=10954"},"modified":"2016-06-08T15:49:02","modified_gmt":"2016-06-08T13:49:02","slug":"estate-in-museo-la-nuova-iniziativa-estiva-per-bambini-dai-7-agli-11-anni","status":"publish","type":"post","link":"https:\/\/www.area-press.eu\/comunicatistampa\/2016\/06\/08\/estate-in-museo-la-nuova-iniziativa-estiva-per-bambini-dai-7-agli-11-anni\/","title":{"rendered":"Estate in museo! La nuova iniziativa estiva per bambini dai 7 agli 11 anni"},"content":{"rendered":"<p>Fondazione Bergamo nella storia\u00a0e\u00a0Orto Botanico di Bergamo Lorenzo Rota<\/p>\n<p>vi presentano<br \/>\nEstate in museo!<br \/>\nLa nuova iniziativa estiva per bambini dai 7 agli 11 anni<br \/>\nEstate in museo \u00e8 la nuova iniziativa pensata per i bambini dai 7 agli 11 anni che dal 20 giugno al\u00a01 luglio offre la possibilit\u00e0 di trascorrere la giornata tra citt\u00e0 e natura all\u2019interno delle sedi museali<br \/>\ncurate da Fondazione Bergamo nella storia e dall&#8217;Orto Botanico di Bergamo &#8220;Lorenzo Rota&#8221;.<br \/>\nIl museo diventa un circuito di luoghi per imparare divertendosi: tante storie nascoste raccontate\u00a0da oggetti, dipinti, video, allestimenti interattivi, paesaggi collinari e giardini in fiore\u2026 E \u00a0altrettante\u00a0attivit\u00e0 laboratoriali svolte con semplici materiali per sviluppare le abilit\u00e0 dei piccoli partecipanti!<br \/>\nTema dell&#8217;anno sar\u00e0: terra, acqua, aria e fuoco. Alla scoperta dei quattro elementi!<br \/>\nOgni giorno i bambini saranno accolti dagli operatori di Fondazione Bergamo nella storia, che\u00a0attraverso il racconto di una favola declineranno l&#8217;elemento che verr\u00e0 esplorato durante l&#8217;arco della<br \/>\ngiornata.\u00a0La mattina si andr\u00e0 alla scoperta delle diversi sedi del Museo storico di Bergamo: il Museo del\u00a0Cinquecento ed il Campanone, dentro a Palazzo del Podest\u00e0 in Piazza vecchia, il Museo<br \/>\nDonizettiano, nel Palazzo della Misericordia Maggiore in via Arena ed il Convento di San\u00a0Francesco in Piazza Mercato del fieno.<br \/>\nIl pomeriggio saranno abbracciati dal cuore verde delle Mura veneziane: la sezione di Citt\u00e0 Alta\u00a0dell&#8217;Orto Botanico. Esperienzialit\u00e0 sar\u00e0 la parola d&#8217;ordine, per stimolare creativit\u00e0, immaginazione,<br \/>\nfantasia e anche poesia attraverso il gioco, partendo dall&#8217;osservazione e dalla sperimentazione del\u00a0materiale vegetale e dell&#8217;ambiente in cui cresce.<br \/>\nIl venerd\u00ec sar\u00e0 dedicato al \u201cquinto\u201d elemento: un\u2019escursione a piedi ci condurr\u00e0 alla Val d\u2019Astino,\u00a0immersi nel fascino del Monastero e della Valle della Biodiversit\u00e0, sezione dell&#8217;Orto dedicata alle<br \/>\npiante e all&#8217;uomo.<br \/>\nPer informazioni e prenotazioni:<br \/>\nmuseostorico.educazione@bergamoestoria.it<br \/>\ntel. 035.247116<br \/>\n(dottoressa Fausta Bettoni)<br \/>\nwww.bergamoestoria.it<br \/>\nwww.ortobotanicodibergamo.it<\/p>\n<p>&nbsp;<\/p>\n<p style=\"line-height: 14.25pt;background: white;margin: 6.0pt 0cm 6.0pt 0cm\"><span style=\"font-size: 10.0pt;font-family: Arial;color: #a39161\">Ufficio stampa<\/span><span style=\"font-size: 10.0pt;font-family: Arial\"><br \/>\nFondazione Bergamo nella storia<br \/>\nTiffany Pesenti<br \/>\nComunicazione@bergamoestoria.it<\/span><\/p>\n","protected":false},"excerpt":{"rendered":"<p>Estate in museo!<br \/>\nLa nuova iniziativa estiva per bambini dai 7 agli 11 anni<\/p>\n","protected":false},"author":3091,"featured_media":0,"comment_status":"open","ping_status":"open","sticky":false,"template":"","format":"standard","meta":{"footnotes":""},"categories":[3,29,8,17],"tags":[8020,851,8019,54,8022,8015,6530,753,8021,789],"class_list":["post-10954","post","type-post","status-publish","format-standard","hentry","category-arte-e-cultura","category-comunicati","category-eventi","category-turismo","tag-attivita-ricreative","tag-bambini","tag-bergamo","tag-estate","tag-estate-in-museo","tag-fondazione-bergamo-nella-storia","tag-museo","tag-natura","tag-orto-botanico-di-bergamo-lorenzo-rota","tag-storia"],"_links":{"self":[{"href":"https:\/\/www.area-press.eu\/comunicatistampa\/wp-json\/wp\/v2\/posts\/10954","targetHints":{"allow":["GET"]}}],"collection":[{"href":"https:\/\/www.area-press.eu\/comunicatistampa\/wp-json\/wp\/v2\/posts"}],"about":[{"href":"https:\/\/www.area-press.eu\/comunicatistampa\/wp-json\/wp\/v2\/types\/post"}],"author":[{"embeddable":true,"href":"https:\/\/www.area-press.eu\/comunicatistampa\/wp-json\/wp\/v2\/users\/3091"}],"replies":[{"embeddable":true,"href":"https:\/\/www.area-press.eu\/comunicatistampa\/wp-json\/wp\/v2\/comments?post=10954"}],"version-history":[{"count":1,"href":"https:\/\/www.area-press.eu\/comunicatistampa\/wp-json\/wp\/v2\/posts\/10954\/revisions"}],"predecessor-version":[{"id":10957,"href":"https:\/\/www.area-press.eu\/comunicatistampa\/wp-json\/wp\/v2\/posts\/10954\/revisions\/10957"}],"wp:attachment":[{"href":"https:\/\/www.area-press.eu\/comunicatistampa\/wp-json\/wp\/v2\/media?parent=10954"}],"wp:term":[{"taxonomy":"category","embeddable":true,"href":"https:\/\/www.area-press.eu\/comunicatistampa\/wp-json\/wp\/v2\/categories?post=10954"},{"taxonomy":"post_tag","embeddable":true,"href":"https:\/\/www.area-press.eu\/comunicatistampa\/wp-json\/wp\/v2\/tags?post=10954"}],"curies":[{"name":"wp","href":"https:\/\/api.w.org\/{rel}","templated":true}]}}